
{"id":114964,"date":"2024-01-30T19:51:34","date_gmt":"2024-01-30T22:51:34","guid":{"rendered":"https:\/\/www.sudoestehoje.com.br\/novoportal\/?p=114964"},"modified":"2024-01-30T19:51:34","modified_gmt":"2024-01-30T22:51:34","slug":"jequie-idoso-morre-apos-elevador-para-pcd-da-caixa-economica-despencar","status":"publish","type":"post","link":"https:\/\/www.sudoestehoje.com.br\/novoportal\/2024\/01\/30\/jequie-idoso-morre-apos-elevador-para-pcd-da-caixa-economica-despencar\/","title":{"rendered":"JEQUI\u00c9 | IDOSO MORRE AP\u00d3S ELEVADOR PARA PCD DA CAIXA ECON\u00d4MICA DESPENCAR"},"content":{"rendered":"<p><img loading=\"lazy\" decoding=\"async\" class=\"alignnone  wp-image-114965\" src=\"https:\/\/www.sudoestehoje.com.br\/novoportal\/wp-content\/uploads\/2024\/01\/2-145-600x316.png\" alt=\"\" width=\"551\" height=\"290\" srcset=\"https:\/\/www.sudoestehoje.com.br\/novoportal\/wp-content\/uploads\/2024\/01\/2-145-600x316.png 600w, https:\/\/www.sudoestehoje.com.br\/novoportal\/wp-content\/uploads\/2024\/01\/2-145.png 628w\" sizes=\"auto, (max-width: 551px) 100vw, 551px\" \/><\/p>\n<p><strong>Um homem de 67 anos, Ednaldo Neres dos Santos, natural de D\u00e1rio Meira, morreu depois de ser acidentado no elevador instalado no interior da ag\u00eancia da Caixa Econ\u00f4mica Federal de Jequi\u00e9, na Colombo de Novaes, Centro da Cidade Sol. De acordo com as primeiras informa\u00e7\u00f5es do 8\u00ba Batalh\u00e3o de Bombeiros Militar, a equipe foi acionada por volta das 110h40 para o resgate da v\u00edtima, que segundo a institui\u00e7\u00e3o militar estaria presa na plataforma do elevador.<\/strong><\/p>\n<p><strong>\u201dNo local, a v\u00edtima estava presa embaixo da plataforma do elevador para PCD. As equipes de resgate suspenderam a plataforma e retiraram a v\u00edtima, que foi atendida no local com o apoio de prepostos do SAMU. Infelizmente, mesmo ap\u00f3s v\u00e1rias tentativas de reanima\u00e7\u00e3o a v\u00edtima veio a \u00f3bito no local, ficando aos cuidados da Pol\u00edcia Militar at\u00e9 a chegada do DPT\u201d, diz o 8\u00ba BBM.<\/strong><\/p>\n<p><strong>O caso repercutiu de forma repentina nas redes sociais, atraindo populares ao local do ocorrido. O corpo foi removido nesta tarde por uma equipe do Departamento de Pol\u00edcia T\u00e9cnica e encaminhado ao Instituto M\u00e9dico Legal. Peritos realizam servi\u00e7os periciais na CEF, cujo laudo dever\u00e1 apontar as causas.<\/strong><\/p>\n","protected":false},"excerpt":{"rendered":"<p>Um homem de 67 anos, Ednaldo Neres dos Santos, natural de D\u00e1rio Meira, morreu depois de ser acidentado no elevador instalado no interior da ag\u00eancia da Caixa Econ\u00f4mica Federal de Jequi\u00e9, na Colombo de Novaes, Centro da Cidade Sol. De acordo com as primeiras informa\u00e7\u00f5es do 8\u00ba Batalh\u00e3o de Bombeiros Militar, a equipe foi acionada [&hellip;]<\/p>\n","protected":false},"author":2,"featured_media":114965,"comment_status":"closed","ping_status":"open","sticky":false,"template":"","format":"standard","meta":{"footnotes":"","_links_to":"","_links_to_target":""},"categories":[1],"tags":[],"class_list":["post-114964","post","type-post","status-publish","format-standard","has-post-thumbnail","hentry","category-geral"],"views":1234,"_links":{"self":[{"href":"https:\/\/www.sudoestehoje.com.br\/novoportal\/wp-json\/wp\/v2\/posts\/114964","targetHints":{"allow":["GET"]}}],"collection":[{"href":"https:\/\/www.sudoestehoje.com.br\/novoportal\/wp-json\/wp\/v2\/posts"}],"about":[{"href":"https:\/\/www.sudoestehoje.com.br\/novoportal\/wp-json\/wp\/v2\/types\/post"}],"author":[{"embeddable":true,"href":"https:\/\/www.sudoestehoje.com.br\/novoportal\/wp-json\/wp\/v2\/users\/2"}],"replies":[{"embeddable":true,"href":"https:\/\/www.sudoestehoje.com.br\/novoportal\/wp-json\/wp\/v2\/comments?post=114964"}],"version-history":[{"count":2,"href":"https:\/\/www.sudoestehoje.com.br\/novoportal\/wp-json\/wp\/v2\/posts\/114964\/revisions"}],"predecessor-version":[{"id":114967,"href":"https:\/\/www.sudoestehoje.com.br\/novoportal\/wp-json\/wp\/v2\/posts\/114964\/revisions\/114967"}],"wp:featuredmedia":[{"embeddable":true,"href":"https:\/\/www.sudoestehoje.com.br\/novoportal\/wp-json\/wp\/v2\/media\/114965"}],"wp:attachment":[{"href":"https:\/\/www.sudoestehoje.com.br\/novoportal\/wp-json\/wp\/v2\/media?parent=114964"}],"wp:term":[{"taxonomy":"category","embeddable":true,"href":"https:\/\/www.sudoestehoje.com.br\/novoportal\/wp-json\/wp\/v2\/categories?post=114964"},{"taxonomy":"post_tag","embeddable":true,"href":"https:\/\/www.sudoestehoje.com.br\/novoportal\/wp-json\/wp\/v2\/tags?post=114964"}],"curies":[{"name":"wp","href":"https:\/\/api.w.org\/{rel}","templated":true}]}}