
{"id":114951,"date":"2024-01-30T09:21:16","date_gmt":"2024-01-30T12:21:16","guid":{"rendered":"https:\/\/www.sudoestehoje.com.br\/novoportal\/?p=114951"},"modified":"2024-01-30T09:21:16","modified_gmt":"2024-01-30T12:21:16","slug":"acm-neto-diz-que-o-1o-ano-do-governo-jeronimo-e-o-pior-entre-os-17-do-pt-na-bahia","status":"publish","type":"post","link":"https:\/\/www.sudoestehoje.com.br\/novoportal\/2024\/01\/30\/acm-neto-diz-que-o-1o-ano-do-governo-jeronimo-e-o-pior-entre-os-17-do-pt-na-bahia\/","title":{"rendered":"ACM NETO DIZ QUE O 1\u00ba ANO DO GOVERNO JER\u00d4NIMO \u00c9 &#8216;O PIOR ENTRE OS 17 DO PT NA BAHIA&#8217;"},"content":{"rendered":"<p><img loading=\"lazy\" decoding=\"async\" class=\"alignnone  wp-image-114953\" src=\"https:\/\/www.sudoestehoje.com.br\/novoportal\/wp-content\/uploads\/2024\/01\/WhatsApp-Image-2024-01-29-at-21.13.35-600x525.jpeg\" alt=\"\" width=\"549\" height=\"480\" srcset=\"https:\/\/www.sudoestehoje.com.br\/novoportal\/wp-content\/uploads\/2024\/01\/WhatsApp-Image-2024-01-29-at-21.13.35-600x525.jpeg 600w, https:\/\/www.sudoestehoje.com.br\/novoportal\/wp-content\/uploads\/2024\/01\/WhatsApp-Image-2024-01-29-at-21.13.35-700x612.jpeg 700w, https:\/\/www.sudoestehoje.com.br\/novoportal\/wp-content\/uploads\/2024\/01\/WhatsApp-Image-2024-01-29-at-21.13.35-768x672.jpeg 768w, https:\/\/www.sudoestehoje.com.br\/novoportal\/wp-content\/uploads\/2024\/01\/WhatsApp-Image-2024-01-29-at-21.13.35.jpeg 910w\" sizes=\"auto, (max-width: 549px) 100vw, 549px\" \/><\/p>\n<p><strong>O secret\u00e1rio-geral do Uni\u00e3o Brasil, ACM Neto, em coletiva de imprensa nesta segunda-feira (29), durante a entrega da Casa das Hist\u00f3rias de Salvador e Arquivo P\u00fablico, avaliou o primeiro ano dos governos Jer\u00f4nimo e Lula. O evento foi organizado pela prefeitura e contou com as presen\u00e7as do prefeito Bruno Reis, da vice-prefeita Ana Paula Matos e diversas outras autoridades municipais.<\/strong><\/p>\n<p><strong>Para o ex-prefeito de Salvador, o governador da Bahia, Jer\u00f4nimo Rodrigues (PT), protagoniza o pior momento entre os 17 anos dos governos do PT no estado. \u201cAcho que o primeiro ano do governo de Jer\u00f4nimo foi muito abaixo da expectativa do povo baiano. Foi o pior ano entre todos esses 17 que o PT governa a Bahia. As \u00e1reas essenciais para os baianos nada mudou, ao contr\u00e1rio, as coisas pioraram. A gente teve um governador que sequer consegue encarar os problemas, que quando as coisas apertam ele se esconde\u201d, apontou.<\/strong><\/p>\n<p><strong>Segundo Neto, as cr\u00edticas que ele faz ao governo estadual s\u00e3o construtivas para tentar melhorar. \u201cEu acho Bahia merecia muito mais que Jer\u00f4nimo vem entregando, e ainda pode melhorar, tem tempo para isso\u201d, disse.<\/strong><\/p>\n<p><strong>Sobre o governo federal, comandando pelo presidente Lula, Neto avaliou que \u201co ano foi abaixo do que ele poderia ter feito\u201d. \u201cSeja na pol\u00edtica ou fora dela. Foi eleito com sentimento de um Pa\u00eds dividido e pouco fez para unir o Brasil no campo da pol\u00edtica. Fora da pol\u00edtica teve algumas oportunidades perdidas, n\u00e3o vejo novidades\u201d, completou.<\/strong><\/p>\n","protected":false},"excerpt":{"rendered":"<p>O secret\u00e1rio-geral do Uni\u00e3o Brasil, ACM Neto, em coletiva de imprensa nesta segunda-feira (29), durante a entrega da Casa das Hist\u00f3rias de Salvador e Arquivo P\u00fablico, avaliou o primeiro ano dos governos Jer\u00f4nimo e Lula. O evento foi organizado pela prefeitura e contou com as presen\u00e7as do prefeito Bruno Reis, da vice-prefeita Ana Paula Matos [&hellip;]<\/p>\n","protected":false},"author":2,"featured_media":114953,"comment_status":"closed","ping_status":"open","sticky":false,"template":"","format":"standard","meta":{"footnotes":"","_links_to":"","_links_to_target":""},"categories":[1],"tags":[],"class_list":["post-114951","post","type-post","status-publish","format-standard","has-post-thumbnail","hentry","category-geral"],"views":627,"_links":{"self":[{"href":"https:\/\/www.sudoestehoje.com.br\/novoportal\/wp-json\/wp\/v2\/posts\/114951","targetHints":{"allow":["GET"]}}],"collection":[{"href":"https:\/\/www.sudoestehoje.com.br\/novoportal\/wp-json\/wp\/v2\/posts"}],"about":[{"href":"https:\/\/www.sudoestehoje.com.br\/novoportal\/wp-json\/wp\/v2\/types\/post"}],"author":[{"embeddable":true,"href":"https:\/\/www.sudoestehoje.com.br\/novoportal\/wp-json\/wp\/v2\/users\/2"}],"replies":[{"embeddable":true,"href":"https:\/\/www.sudoestehoje.com.br\/novoportal\/wp-json\/wp\/v2\/comments?post=114951"}],"version-history":[{"count":2,"href":"https:\/\/www.sudoestehoje.com.br\/novoportal\/wp-json\/wp\/v2\/posts\/114951\/revisions"}],"predecessor-version":[{"id":114954,"href":"https:\/\/www.sudoestehoje.com.br\/novoportal\/wp-json\/wp\/v2\/posts\/114951\/revisions\/114954"}],"wp:featuredmedia":[{"embeddable":true,"href":"https:\/\/www.sudoestehoje.com.br\/novoportal\/wp-json\/wp\/v2\/media\/114953"}],"wp:attachment":[{"href":"https:\/\/www.sudoestehoje.com.br\/novoportal\/wp-json\/wp\/v2\/media?parent=114951"}],"wp:term":[{"taxonomy":"category","embeddable":true,"href":"https:\/\/www.sudoestehoje.com.br\/novoportal\/wp-json\/wp\/v2\/categories?post=114951"},{"taxonomy":"post_tag","embeddable":true,"href":"https:\/\/www.sudoestehoje.com.br\/novoportal\/wp-json\/wp\/v2\/tags?post=114951"}],"curies":[{"name":"wp","href":"https:\/\/api.w.org\/{rel}","templated":true}]}}