
{"id":114947,"date":"2024-01-30T09:16:35","date_gmt":"2024-01-30T12:16:35","guid":{"rendered":"https:\/\/www.sudoestehoje.com.br\/novoportal\/?p=114947"},"modified":"2024-01-30T09:16:35","modified_gmt":"2024-01-30T12:16:35","slug":"carro-cai-da-ponte-fica-submerso-e-duas-pessoas-morrem-na-br-101-proximo-a-saj","status":"publish","type":"post","link":"https:\/\/www.sudoestehoje.com.br\/novoportal\/2024\/01\/30\/carro-cai-da-ponte-fica-submerso-e-duas-pessoas-morrem-na-br-101-proximo-a-saj\/","title":{"rendered":"CARRO CAI DA PONTE, FICA SUBMERSO E DUAS PESSOAS MORREM NA BR-101 PR\u00d3XIMO A SAJ"},"content":{"rendered":"<p><img loading=\"lazy\" decoding=\"async\" class=\"alignnone  wp-image-114949\" src=\"https:\/\/www.sudoestehoje.com.br\/novoportal\/wp-content\/uploads\/2024\/01\/WhatsApp-Image-2024-01-30-at-07.38.44-600x526.jpeg\" alt=\"\" width=\"551\" height=\"483\" srcset=\"https:\/\/www.sudoestehoje.com.br\/novoportal\/wp-content\/uploads\/2024\/01\/WhatsApp-Image-2024-01-30-at-07.38.44-600x526.jpeg 600w, https:\/\/www.sudoestehoje.com.br\/novoportal\/wp-content\/uploads\/2024\/01\/WhatsApp-Image-2024-01-30-at-07.38.44-700x614.jpeg 700w, https:\/\/www.sudoestehoje.com.br\/novoportal\/wp-content\/uploads\/2024\/01\/WhatsApp-Image-2024-01-30-at-07.38.44-768x673.jpeg 768w, https:\/\/www.sudoestehoje.com.br\/novoportal\/wp-content\/uploads\/2024\/01\/WhatsApp-Image-2024-01-30-at-07.38.44.jpeg 899w\" sizes=\"auto, (max-width: 551px) 100vw, 551px\" \/><\/p>\n<p><strong>Um acidente ocorreu na manh\u00e3 desta ter\u00e7a-feira (30), pr\u00f3ximo \u00e0 Praia do Dend\u00ea, logo ap\u00f3s a esta\u00e7\u00e3o de tratamento da Embasa,\u00a0 trecho que liga Santo Ant\u00f4nio de Jesus a cidade de Concei\u00e7\u00e3o do Almeida. Segundo informa\u00e7\u00f5es preliminares, um ve\u00edculo perdeu o controle e despencou da Ponte Jequitib\u00e1, caindo no rio, que est\u00e1 cheio devido \u00e0s recentes chuvas.<\/strong><\/p>\n<p><strong>O Departamento de Pol\u00edcia T\u00e9cnica, a Pol\u00edcia Rodovi\u00e1ria Federal e o Corpo de Bombeiros est\u00e3o no local para gerenciar a situa\u00e7\u00e3o. No carro, que ficou submerso, haviam\u00a0 quatro ocupantes; dois vieram a \u00f3bito no local. N\u00e3o h\u00e1 informa\u00e7\u00f5es sobre as identidades das v\u00edtimas.<\/strong><\/p>\n<p><strong>Uma for\u00e7a tarefa foi montada para resgatar os corpos. As circunst\u00e2ncia do acidente ainda s\u00e3o indefinida e ser\u00e3o investigadas.<\/strong><\/p>\n<p><strong>Este \u00e9 o segundo acidente fatal na regi\u00e3o em um curto per\u00edodo de tempo, ap\u00f3s uma c<a href=\"https:\/\/blogdovalente.com.br\/acidentes\/2024\/01\/saj-ambulancia-da-upa-de-cruz-das-almas-se-envolve-em-acidente-na-br-101-na-praia-do-dende\/\">olis\u00e3o entre um carro de passeio e uma ambul\u00e2ncia de Cruz das Almas<\/a>.<\/strong><\/p>\n<p><strong>Adicionalmente, h\u00e1 relatos de animais soltos na pista, aumentando os riscos para motoristas. As autoridades alertam para a necessidade de cautela extra ao dirigir, especialmente pr\u00f3ximo \u00e0 Ponte Jequitib\u00e1.<\/strong><\/p>\n","protected":false},"excerpt":{"rendered":"<p>Um acidente ocorreu na manh\u00e3 desta ter\u00e7a-feira (30), pr\u00f3ximo \u00e0 Praia do Dend\u00ea, logo ap\u00f3s a esta\u00e7\u00e3o de tratamento da Embasa,\u00a0 trecho que liga Santo Ant\u00f4nio de Jesus a cidade de Concei\u00e7\u00e3o do Almeida. Segundo informa\u00e7\u00f5es preliminares, um ve\u00edculo perdeu o controle e despencou da Ponte Jequitib\u00e1, caindo no rio, que est\u00e1 cheio devido \u00e0s [&hellip;]<\/p>\n","protected":false},"author":2,"featured_media":114949,"comment_status":"closed","ping_status":"open","sticky":false,"template":"","format":"standard","meta":{"footnotes":"","_links_to":"","_links_to_target":""},"categories":[1],"tags":[],"class_list":["post-114947","post","type-post","status-publish","format-standard","has-post-thumbnail","hentry","category-geral"],"views":917,"_links":{"self":[{"href":"https:\/\/www.sudoestehoje.com.br\/novoportal\/wp-json\/wp\/v2\/posts\/114947","targetHints":{"allow":["GET"]}}],"collection":[{"href":"https:\/\/www.sudoestehoje.com.br\/novoportal\/wp-json\/wp\/v2\/posts"}],"about":[{"href":"https:\/\/www.sudoestehoje.com.br\/novoportal\/wp-json\/wp\/v2\/types\/post"}],"author":[{"embeddable":true,"href":"https:\/\/www.sudoestehoje.com.br\/novoportal\/wp-json\/wp\/v2\/users\/2"}],"replies":[{"embeddable":true,"href":"https:\/\/www.sudoestehoje.com.br\/novoportal\/wp-json\/wp\/v2\/comments?post=114947"}],"version-history":[{"count":2,"href":"https:\/\/www.sudoestehoje.com.br\/novoportal\/wp-json\/wp\/v2\/posts\/114947\/revisions"}],"predecessor-version":[{"id":114950,"href":"https:\/\/www.sudoestehoje.com.br\/novoportal\/wp-json\/wp\/v2\/posts\/114947\/revisions\/114950"}],"wp:featuredmedia":[{"embeddable":true,"href":"https:\/\/www.sudoestehoje.com.br\/novoportal\/wp-json\/wp\/v2\/media\/114949"}],"wp:attachment":[{"href":"https:\/\/www.sudoestehoje.com.br\/novoportal\/wp-json\/wp\/v2\/media?parent=114947"}],"wp:term":[{"taxonomy":"category","embeddable":true,"href":"https:\/\/www.sudoestehoje.com.br\/novoportal\/wp-json\/wp\/v2\/categories?post=114947"},{"taxonomy":"post_tag","embeddable":true,"href":"https:\/\/www.sudoestehoje.com.br\/novoportal\/wp-json\/wp\/v2\/tags?post=114947"}],"curies":[{"name":"wp","href":"https:\/\/api.w.org\/{rel}","templated":true}]}}