
{"id":114933,"date":"2024-01-29T21:39:47","date_gmt":"2024-01-30T00:39:47","guid":{"rendered":"https:\/\/www.sudoestehoje.com.br\/novoportal\/?p=114933"},"modified":"2024-01-30T08:33:04","modified_gmt":"2024-01-30T11:33:04","slug":"indios-x-fazendeiros-joao-roma-denuncia-sumico-de-relatorio-da-pm-sobre-conflito-em-itapetinga","status":"publish","type":"post","link":"https:\/\/www.sudoestehoje.com.br\/novoportal\/2024\/01\/29\/indios-x-fazendeiros-joao-roma-denuncia-sumico-de-relatorio-da-pm-sobre-conflito-em-itapetinga\/","title":{"rendered":"\u00cdNDIOS X FAZENDEIROS | JO\u00c3O ROMA DENUNCIA &#8216;SUMI\u00c7O&#8217; DE RELAT\u00d3RIO DA PM SOBRE CONFLITO EM ITAPETINGA"},"content":{"rendered":"<p><img loading=\"lazy\" decoding=\"async\" class=\"alignnone wp-image-114936\" src=\"https:\/\/www.sudoestehoje.com.br\/novoportal\/wp-content\/uploads\/2024\/01\/IMG-20240129-WA0028-1000x530-1-600x318.jpg\" alt=\"\" width=\"549\" height=\"291\" srcset=\"https:\/\/www.sudoestehoje.com.br\/novoportal\/wp-content\/uploads\/2024\/01\/IMG-20240129-WA0028-1000x530-1-600x318.jpg 600w, https:\/\/www.sudoestehoje.com.br\/novoportal\/wp-content\/uploads\/2024\/01\/IMG-20240129-WA0028-1000x530-1-700x371.jpg 700w, https:\/\/www.sudoestehoje.com.br\/novoportal\/wp-content\/uploads\/2024\/01\/IMG-20240129-WA0028-1000x530-1-768x407.jpg 768w, https:\/\/www.sudoestehoje.com.br\/novoportal\/wp-content\/uploads\/2024\/01\/IMG-20240129-WA0028-1000x530-1.jpg 1000w\" sizes=\"auto, (max-width: 549px) 100vw, 549px\" \/><\/p>\n<p><strong>O presidente do PL na Bahia, Jo\u00e3o Roma, criticou, nesta segunda-feira (29), a cria\u00e7\u00e3o de uma narrativa que responsabiliza produtores rurais pelos conflitos por terras na Bahia, inclusive como os culpados pela morte de uma ind\u00edgena durante confronto em Itapetinga, no sudoeste baiano. <\/strong><\/p>\n<p><strong>Roma criticou o \u201csumi\u00e7o\u201d de um relat\u00f3rio da Pol\u00edcia Militar que atestava que, naquele domingo (21), o primeiro disparo com arma de fogo partiu dos supostos ind\u00edgenas. <\/strong><\/p>\n<p><strong><span style=\"color: #ff0000;\">O <em>Sudoeste Hoje<\/em> publicou o relat\u00f3rio da PM na \u00edntegra:<\/span> <span style=\"color: #0000ff;\"><a style=\"color: #0000ff;\" href=\"https:\/\/www.sudoestehoje.com.br\/novoportal\/2024\/01\/22\/itapetinga-policia-militar-emite-boletim-de-ocorrencia-sobre-conflito-entre-indios-e-fazendeiros\/\">CONFIRA AQUI<\/a><\/span><\/strong><\/p>\n<p><strong>\u201cE agora eu vi que a Pol\u00edcia Militar da Bahia retirou do ar, do seu link, o laudo da pol\u00edcia, um laudo t\u00e9cnico, sobre o que ocorreu, no sudoeste baiano, em Itapetinga. Estava no link, no site da Pol\u00edcia Militar da Bahia; tiraram o link da Pol\u00edcia Militar\u201d, denunciou Jo\u00e3o Roma, em entrevista \u00e0 R\u00e1dio Band News FM. Ele ent\u00e3o questinou: \u201cComo \u00e9 que isso est\u00e1 sendo abordado? Uma propriedade foi invadida. Ent\u00e3o se pegar pelo mesmo princ\u00edpio, como \u00e9 que seria? N\u00e3o teria que ser desinvadida essa propriedade? Ent\u00e3o parece, quando se olham as not\u00edcias, que os propriet\u00e1rios estavam l\u00e1 invadindo terras ind\u00edgenas\u201d.<\/strong><\/p>\n<p><strong>Roma foi categ\u00f3rico sobre a hip\u00f3tese de invas\u00e3o pelos propriet\u00e1rios das terras: \u201cN\u00e3o foi isso o que ocorreu. A \u00e1rea em quest\u00e3o, inclusive, n\u00e3o est\u00e1 pass\u00edvel de desapropria\u00e7\u00e3o, n\u00e3o faz parte de delimita\u00e7\u00e3o ou questionamento, com laudo da Funai, inclusive\u201d. O presidente estadual do PL criticou a omiss\u00e3o do Estado em todas as suas esferas, estadual ou municipal.<\/strong><!--more--><\/p>\n<p>\u201cNa hora que voc\u00ea v\u00ea uma omiss\u00e3o do Estado que gera, \u00f3bvio, uma rea\u00e7\u00e3o, pois quem est\u00e1 l\u00e1 n\u00e3o quer perder o que \u00e9 seu, que foi conquistado muitas vezes h\u00e1 gera\u00e7\u00f5es. Quando observa a not\u00edcia parace que foi uma coisa justamente ao contr\u00e1rio do que ocorreu. Ent\u00e3o \u00e9 isso resulta dessa inseguran\u00e7a jur\u00eddica, da omiss\u00e3o do Estado de forma lato sensu. Voc\u00ea come\u00e7a a n\u00e3o enxergar as regras claras. Quando n\u00e3o h\u00e1 regras claras, come\u00e7am a ocorrer convuls\u00f5es sociais que s\u00e3o p\u00e9ssimas para o Brasil\u201d, avaliou Jo\u00e3o Roma.<\/p>\n<p>O presidente estadual do PL tamb\u00e9m foi perguntado sobre o planejamento do partido para as elei\u00e7\u00f5es de outubro e disse que trabalha para que a maior sigla do Brasil, com maior bancada na C\u00e2mara dos Deputados, tamb\u00e9m se torne grande na Bahia. \u201cTemos a miss\u00e3o de fazer que o maior partido do Brasil tamb\u00e9m seja grande aqui na Bahia. Nos 417 munic\u00edpios, estamos fazendo toda essa estrutura\u00e7\u00e3o: tanto nos munic\u00edpios como em cidades que t\u00eam tempo de TV, onde estamos tentando viabilizar candidaturas\u201d, disse Roma.<\/p>\n<p>A respeito da defini\u00e7\u00e3o em Salvador, ele sinalizou que isso deve ocorrer at\u00e9 o final de mar\u00e7o. Jo\u00e3o Roma destacou as conversas com Bruno Reis, atual prefeito da capital, mas disse que um apoio \u00e0 reelei\u00e7\u00e3o do gestor depender\u00e1 tamb\u00e9m de entendimentos em n\u00edvel nacional. \u201cUma decis\u00e3o como essa n\u00e3o pode ser tomada sem consultar as principais lideran\u00e7as do partido\u201d, pontuou.<\/p>\n<p>Jo\u00e3o Roma disse que h\u00e1 uma conversa ampla com os candidatos a vereador sobre forma\u00e7\u00e3o da chapa, com os l\u00edderes do partido, pois h\u00e1 uma amea\u00e7a maior: \u201cuma movimenta\u00e7\u00e3o do PT, que det\u00e9m hoje o governo do Estado e o governo federal, e quer pegar grandes cidades da Bahia. Temos que agir com muita estrat\u00e9gia para sermos, de fato, assertivos\u201d.<\/p>\n<p>O ex-ministro da Cidadania tamb\u00e9m destacou a pr\u00e9-candidatura do deputado federal Capit\u00e3o Alden (PL), em Feira de Santana. \u201cEstou muito entusiasmado com a candidatura de Capit\u00e3o Alden em Feira de Santana\u201d, declarou o dirigente. Segundo Roma, o parlamentar tem frequentado a cidade e tem participado os debates, principalmente sobre as quest\u00f5es da seguran\u00e7a p\u00fablica. \u201cO Capit\u00e3o Alden tem protagonizado esse debate\u201d, destacou.<\/p>\n<p>O dirigente do PL na Bahia tamb\u00e9m foi questionado sobre a a\u00e7\u00e3o da Pol\u00edcia Federal contra o filho do ex-presidente Jair Bolsonaro, Carlos Bolsonaro, e manifestou preocupa\u00e7\u00e3o com o papel que o Judici\u00e1rio vem adotando, com dois pesos e duas medidas. \u201cEu vejo muito esquisito tudo isso. As pessoas come\u00e7am de fato a questionar tanto a isen\u00e7\u00e3o quanto a pertin\u00eancia das a\u00e7\u00f5es. Estamos em um Brasil em que se veem dois pesos e duas medidas dentro do judici\u00e1rio, partindo da mais alta corte\u201d, observou Roma.<\/p>\n<p>\u201cEnt\u00e3o se observa nisso, na figura do Alexandre de Moraes, uma figura que basicamente se imbuiu do papel de ser o persecut\u00f3rio do bolsonarismo. Ele pr\u00f3prio se intitula o defensor de uma democracia relativizada: para uns vale tudo, para outros, outro tipo de regra\u201d, criticou o presidente do PL na Bahia.<\/p>\n","protected":false},"excerpt":{"rendered":"<p>O presidente do PL na Bahia, Jo\u00e3o Roma, criticou, nesta segunda-feira (29), a cria\u00e7\u00e3o de uma narrativa que responsabiliza produtores rurais pelos conflitos por terras na Bahia, inclusive como os culpados pela morte de uma ind\u00edgena durante confronto em Itapetinga, no sudoeste baiano. Roma criticou o \u201csumi\u00e7o\u201d de um relat\u00f3rio da Pol\u00edcia Militar que atestava [&hellip;]<\/p>\n","protected":false},"author":2,"featured_media":114936,"comment_status":"closed","ping_status":"open","sticky":false,"template":"","format":"standard","meta":{"footnotes":"","_links_to":"","_links_to_target":""},"categories":[1],"tags":[],"class_list":["post-114933","post","type-post","status-publish","format-standard","has-post-thumbnail","hentry","category-geral"],"views":1055,"_links":{"self":[{"href":"https:\/\/www.sudoestehoje.com.br\/novoportal\/wp-json\/wp\/v2\/posts\/114933","targetHints":{"allow":["GET"]}}],"collection":[{"href":"https:\/\/www.sudoestehoje.com.br\/novoportal\/wp-json\/wp\/v2\/posts"}],"about":[{"href":"https:\/\/www.sudoestehoje.com.br\/novoportal\/wp-json\/wp\/v2\/types\/post"}],"author":[{"embeddable":true,"href":"https:\/\/www.sudoestehoje.com.br\/novoportal\/wp-json\/wp\/v2\/users\/2"}],"replies":[{"embeddable":true,"href":"https:\/\/www.sudoestehoje.com.br\/novoportal\/wp-json\/wp\/v2\/comments?post=114933"}],"version-history":[{"count":7,"href":"https:\/\/www.sudoestehoje.com.br\/novoportal\/wp-json\/wp\/v2\/posts\/114933\/revisions"}],"predecessor-version":[{"id":114941,"href":"https:\/\/www.sudoestehoje.com.br\/novoportal\/wp-json\/wp\/v2\/posts\/114933\/revisions\/114941"}],"wp:featuredmedia":[{"embeddable":true,"href":"https:\/\/www.sudoestehoje.com.br\/novoportal\/wp-json\/wp\/v2\/media\/114936"}],"wp:attachment":[{"href":"https:\/\/www.sudoestehoje.com.br\/novoportal\/wp-json\/wp\/v2\/media?parent=114933"}],"wp:term":[{"taxonomy":"category","embeddable":true,"href":"https:\/\/www.sudoestehoje.com.br\/novoportal\/wp-json\/wp\/v2\/categories?post=114933"},{"taxonomy":"post_tag","embeddable":true,"href":"https:\/\/www.sudoestehoje.com.br\/novoportal\/wp-json\/wp\/v2\/tags?post=114933"}],"curies":[{"name":"wp","href":"https:\/\/api.w.org\/{rel}","templated":true}]}}