
{"id":114880,"date":"2024-01-26T20:20:33","date_gmt":"2024-01-26T23:20:33","guid":{"rendered":"https:\/\/www.sudoestehoje.com.br\/novoportal\/?p=114880"},"modified":"2024-01-26T20:20:33","modified_gmt":"2024-01-26T23:20:33","slug":"hipermercado-carrefour-fechou-as-portas-em-conquista-nesta-sexta-feira","status":"publish","type":"post","link":"https:\/\/www.sudoestehoje.com.br\/novoportal\/2024\/01\/26\/hipermercado-carrefour-fechou-as-portas-em-conquista-nesta-sexta-feira\/","title":{"rendered":"HIPERMERCADO CARREFOUR FECHOU AS PORTAS EM CONQUISTA NESTA SEXTA-FEIRA"},"content":{"rendered":"<p><img loading=\"lazy\" decoding=\"async\" class=\"alignnone  wp-image-114882\" src=\"https:\/\/www.sudoestehoje.com.br\/novoportal\/wp-content\/uploads\/2024\/01\/e02da0e0-bb34-46ab-972f-cc65470fdf80-565x424-1.jpeg\" alt=\"\" width=\"550\" height=\"413\" \/><\/p>\n<p><strong>As atividades do Carrefour chegaram ao fim em Vit\u00f3ria da Conquista, nesta sexta-feira (26). O encerramento, previsto para o dia 31 desse m\u00eas, foi antecipado e as portas do estabelecimento foram fechadas.<\/strong><\/p>\n<p><strong>O Blog do Sena esteve no local e verificou que as grades est\u00e3o trancadas e caminh\u00f5es est\u00e3o cuidando da mudan\u00e7a e do transporte de mercadorias. A not\u00edcia do fechamento veio pouco antes do Natal.<\/strong><\/p>\n<p><strong>Segundo o grupo, que tamb\u00e9m \u00e9 dono da bandeira Atacad\u00e3o, a decis\u00e3o foi tomada porque os outros atacadistas da rede presentes na cidade j\u00e1 atendem \u00e0 demanda. O Carrefour foi inaugurado com essa bandeira em maio de 2023. Anteriormente, o estabelecimento era operado pelo grupo Big Bompre\u00e7o. Esse foi o terceiro mercado que funcionou no local, onde antes do antigo Hiperbompre\u00e7o, funcionava o Superlar.<\/strong><\/p>\n<p><strong>A popula\u00e7\u00e3o aguarda agora qual ser\u00e1 o destino dado para o espa\u00e7o, que fica em um das vias mais importantes da cidade. J\u00e1 se especula que outro grupo atacadista deve passar a funcionar no local, mas nada foi confirmado ainda.<\/strong><\/p>\n","protected":false},"excerpt":{"rendered":"<p>As atividades do Carrefour chegaram ao fim em Vit\u00f3ria da Conquista, nesta sexta-feira (26). O encerramento, previsto para o dia 31 desse m\u00eas, foi antecipado e as portas do estabelecimento foram fechadas. O Blog do Sena esteve no local e verificou que as grades est\u00e3o trancadas e caminh\u00f5es est\u00e3o cuidando da mudan\u00e7a e do transporte [&hellip;]<\/p>\n","protected":false},"author":2,"featured_media":114882,"comment_status":"closed","ping_status":"open","sticky":false,"template":"","format":"standard","meta":{"footnotes":"","_links_to":"","_links_to_target":""},"categories":[1],"tags":[],"class_list":["post-114880","post","type-post","status-publish","format-standard","has-post-thumbnail","hentry","category-geral"],"views":1459,"_links":{"self":[{"href":"https:\/\/www.sudoestehoje.com.br\/novoportal\/wp-json\/wp\/v2\/posts\/114880","targetHints":{"allow":["GET"]}}],"collection":[{"href":"https:\/\/www.sudoestehoje.com.br\/novoportal\/wp-json\/wp\/v2\/posts"}],"about":[{"href":"https:\/\/www.sudoestehoje.com.br\/novoportal\/wp-json\/wp\/v2\/types\/post"}],"author":[{"embeddable":true,"href":"https:\/\/www.sudoestehoje.com.br\/novoportal\/wp-json\/wp\/v2\/users\/2"}],"replies":[{"embeddable":true,"href":"https:\/\/www.sudoestehoje.com.br\/novoportal\/wp-json\/wp\/v2\/comments?post=114880"}],"version-history":[{"count":3,"href":"https:\/\/www.sudoestehoje.com.br\/novoportal\/wp-json\/wp\/v2\/posts\/114880\/revisions"}],"predecessor-version":[{"id":114884,"href":"https:\/\/www.sudoestehoje.com.br\/novoportal\/wp-json\/wp\/v2\/posts\/114880\/revisions\/114884"}],"wp:featuredmedia":[{"embeddable":true,"href":"https:\/\/www.sudoestehoje.com.br\/novoportal\/wp-json\/wp\/v2\/media\/114882"}],"wp:attachment":[{"href":"https:\/\/www.sudoestehoje.com.br\/novoportal\/wp-json\/wp\/v2\/media?parent=114880"}],"wp:term":[{"taxonomy":"category","embeddable":true,"href":"https:\/\/www.sudoestehoje.com.br\/novoportal\/wp-json\/wp\/v2\/categories?post=114880"},{"taxonomy":"post_tag","embeddable":true,"href":"https:\/\/www.sudoestehoje.com.br\/novoportal\/wp-json\/wp\/v2\/tags?post=114880"}],"curies":[{"name":"wp","href":"https:\/\/api.w.org\/{rel}","templated":true}]}}