
{"id":114844,"date":"2024-01-25T16:37:22","date_gmt":"2024-01-25T19:37:22","guid":{"rendered":"https:\/\/www.sudoestehoje.com.br\/novoportal\/?p=114844"},"modified":"2024-01-25T16:37:22","modified_gmt":"2024-01-25T19:37:22","slug":"bahia-urgente-casarao-historico-desaba-no-antigo-comercio-em-salvador","status":"publish","type":"post","link":"https:\/\/www.sudoestehoje.com.br\/novoportal\/2024\/01\/25\/bahia-urgente-casarao-historico-desaba-no-antigo-comercio-em-salvador\/","title":{"rendered":"BAHIA URGENTE! CASAR\u00c3O HIST\u00d3RICO DESABA NO ANTIGO COM\u00c9RCIO EM SALVADOR"},"content":{"rendered":"<p><img loading=\"lazy\" decoding=\"async\" class=\"alignnone  wp-image-114846\" src=\"https:\/\/www.sudoestehoje.com.br\/novoportal\/wp-content\/uploads\/2024\/01\/Casarao-desaba-no-bairro-do-Comercio-em-Salvador0031306900202401251220-7-600x357.webp\" alt=\"\" width=\"550\" height=\"327\" srcset=\"https:\/\/www.sudoestehoje.com.br\/novoportal\/wp-content\/uploads\/2024\/01\/Casarao-desaba-no-bairro-do-Comercio-em-Salvador0031306900202401251220-7-600x357.webp 600w, https:\/\/www.sudoestehoje.com.br\/novoportal\/wp-content\/uploads\/2024\/01\/Casarao-desaba-no-bairro-do-Comercio-em-Salvador0031306900202401251220-7-700x417.webp 700w, https:\/\/www.sudoestehoje.com.br\/novoportal\/wp-content\/uploads\/2024\/01\/Casarao-desaba-no-bairro-do-Comercio-em-Salvador0031306900202401251220-7-768x457.webp 768w, https:\/\/www.sudoestehoje.com.br\/novoportal\/wp-content\/uploads\/2024\/01\/Casarao-desaba-no-bairro-do-Comercio-em-Salvador0031306900202401251220-7.webp 1210w\" sizes=\"auto, (max-width: 550px) 100vw, 550px\" \/><\/p>\n<p><strong>Parte do pr\u00e9dio hist\u00f3rico que abrigou por mais de 100 anos o famoso restaurante\u00a0<em>Colon<\/em>, no bairro do Com\u00e9rcio, em Salvador, desabou na manh\u00e3 desta quinta-feira (25).<\/strong><\/p>\n<p><strong>O local estava isolado desde a tarde desta quarta-feira (24) por risco de desabamento. N\u00e3o h\u00e1 relatos de feridos. O pr\u00e9dio j\u00e1 estava condenado h\u00e1 tr\u00eas anos pela Defesa Civil de Salvador (Codesal).<\/strong><\/p>\n<p><strong>O desabamento ocorreu por volta das 12h, no momento em que t\u00e9cnicos da Codesal ampliavam a \u00e1rea de isolamento do im\u00f3vel. Assim, o barulho e volume de poeira assustou as pessoas que circulavam no local.<\/strong><\/p>\n<p><strong>Segundo o engenheiro da Codesal, que conduzia o trabalho no momento do desabamanto, o pr\u00e9dio faz parte de um contexto de prote\u00e7\u00e3o do Instituto do Patrim\u00f3nio Hist\u00f3rico e Art\u00edstico Nacional (Iphan), por\u00e9m \u00e9 uma propriedade privada.<\/strong><\/p>\n<p><strong>Em nota, O Iphan informou que realizava investiga\u00e7\u00f5es desde 2022 para encontrar os donos do im\u00f3vel e respons\u00e1veis por sua manuten\u00e7\u00e3o.<\/strong><\/p>\n<p><strong>Na quarta-feira (24), o pr\u00e9dio foi isolado pela Codesal devido ao risco e a Rua Holanda, na Pra\u00e7a Conde dos Arcos, tamb\u00e9m foi interditada.<\/strong><\/p>\n<p><strong>O pr\u00e9dio \u00e9 hist\u00f3rico e abrigou por mais de 100 anos o famoso restaurante Colon. Um dos mais tradicionais de Salvador, o restaurante fechou as portas em 2021, ap\u00f3s mais de 100 anos de funda\u00e7\u00e3o.<\/strong><\/p>\n<p><strong>Jorge Amado referenciou o estabelecimento em seu livro \u201cO Sumi\u00e7o da Santa\u201d, j\u00e1 que faz parte da hist\u00f3ria da capital baiana.<\/strong><\/p>\n","protected":false},"excerpt":{"rendered":"<p>Parte do pr\u00e9dio hist\u00f3rico que abrigou por mais de 100 anos o famoso restaurante\u00a0Colon, no bairro do Com\u00e9rcio, em Salvador, desabou na manh\u00e3 desta quinta-feira (25). O local estava isolado desde a tarde desta quarta-feira (24) por risco de desabamento. N\u00e3o h\u00e1 relatos de feridos. O pr\u00e9dio j\u00e1 estava condenado h\u00e1 tr\u00eas anos pela Defesa [&hellip;]<\/p>\n","protected":false},"author":2,"featured_media":114846,"comment_status":"closed","ping_status":"open","sticky":false,"template":"","format":"standard","meta":{"footnotes":"","_links_to":"","_links_to_target":""},"categories":[1],"tags":[],"class_list":["post-114844","post","type-post","status-publish","format-standard","has-post-thumbnail","hentry","category-geral"],"views":742,"_links":{"self":[{"href":"https:\/\/www.sudoestehoje.com.br\/novoportal\/wp-json\/wp\/v2\/posts\/114844","targetHints":{"allow":["GET"]}}],"collection":[{"href":"https:\/\/www.sudoestehoje.com.br\/novoportal\/wp-json\/wp\/v2\/posts"}],"about":[{"href":"https:\/\/www.sudoestehoje.com.br\/novoportal\/wp-json\/wp\/v2\/types\/post"}],"author":[{"embeddable":true,"href":"https:\/\/www.sudoestehoje.com.br\/novoportal\/wp-json\/wp\/v2\/users\/2"}],"replies":[{"embeddable":true,"href":"https:\/\/www.sudoestehoje.com.br\/novoportal\/wp-json\/wp\/v2\/comments?post=114844"}],"version-history":[{"count":3,"href":"https:\/\/www.sudoestehoje.com.br\/novoportal\/wp-json\/wp\/v2\/posts\/114844\/revisions"}],"predecessor-version":[{"id":114848,"href":"https:\/\/www.sudoestehoje.com.br\/novoportal\/wp-json\/wp\/v2\/posts\/114844\/revisions\/114848"}],"wp:featuredmedia":[{"embeddable":true,"href":"https:\/\/www.sudoestehoje.com.br\/novoportal\/wp-json\/wp\/v2\/media\/114846"}],"wp:attachment":[{"href":"https:\/\/www.sudoestehoje.com.br\/novoportal\/wp-json\/wp\/v2\/media?parent=114844"}],"wp:term":[{"taxonomy":"category","embeddable":true,"href":"https:\/\/www.sudoestehoje.com.br\/novoportal\/wp-json\/wp\/v2\/categories?post=114844"},{"taxonomy":"post_tag","embeddable":true,"href":"https:\/\/www.sudoestehoje.com.br\/novoportal\/wp-json\/wp\/v2\/tags?post=114844"}],"curies":[{"name":"wp","href":"https:\/\/api.w.org\/{rel}","templated":true}]}}