
{"id":114825,"date":"2024-01-23T20:18:45","date_gmt":"2024-01-23T23:18:45","guid":{"rendered":"https:\/\/www.sudoestehoje.com.br\/novoportal\/?p=114825"},"modified":"2024-01-23T20:31:56","modified_gmt":"2024-01-23T23:31:56","slug":"sub-tenente-luiz-assume-chefia-do-tiro-de-guerra-06-023-em-itapetinga","status":"publish","type":"post","link":"https:\/\/www.sudoestehoje.com.br\/novoportal\/2024\/01\/23\/sub-tenente-luiz-assume-chefia-do-tiro-de-guerra-06-023-em-itapetinga\/","title":{"rendered":"SUBTENENTE LUIZ ASSUME CHEFIA DO TIRO DE GUERRA 06-023 EM ITAPETINGA"},"content":{"rendered":"<p><img loading=\"lazy\" decoding=\"async\" class=\"alignnone wp-image-114826\" src=\"https:\/\/www.sudoestehoje.com.br\/novoportal\/wp-content\/uploads\/2024\/01\/tiro-luiz-600x367.jpg\" alt=\"\" width=\"549\" height=\"336\" srcset=\"https:\/\/www.sudoestehoje.com.br\/novoportal\/wp-content\/uploads\/2024\/01\/tiro-luiz-600x367.jpg 600w, https:\/\/www.sudoestehoje.com.br\/novoportal\/wp-content\/uploads\/2024\/01\/tiro-luiz-700x428.jpg 700w, https:\/\/www.sudoestehoje.com.br\/novoportal\/wp-content\/uploads\/2024\/01\/tiro-luiz-768x470.jpg 768w, https:\/\/www.sudoestehoje.com.br\/novoportal\/wp-content\/uploads\/2024\/01\/tiro-luiz.jpg 1201w\" sizes=\"auto, (max-width: 549px) 100vw, 549px\" \/><\/p>\n<p><strong>Ap\u00f3s 3 anos da chefia o 1\u00b0 Sargento Val\u00e9rio, o subtenente Luiz assume a chefia do TG 06-023, localizado em Itapetinga, no m\u00e9dio sudoeste do estado.<\/strong><\/p>\n<p><strong>O subtenente Luiz veio transferido do 2\u00b0 Pelot\u00e3o de Comunica\u00e7\u00f5es da cidade de S\u00e3o Gabriel da Cachoeira, no estado do Amazonas, para o TG de Itapetinga.\u00a0<\/strong><\/p>\n<p><strong>Na manh\u00e3 desta ter\u00e7a-feira (23), o subtenente esteve com o prefeito Rodrigo Hagge, estreitando os la\u00e7os e garantindo mant\u00ea-los durante a passagem como Chefe de Instru\u00e7\u00e3o do TG.\u00a0<\/strong><\/p>\n","protected":false},"excerpt":{"rendered":"<p>Ap\u00f3s 3 anos da chefia o 1\u00b0 Sargento Val\u00e9rio, o subtenente Luiz assume a chefia do TG 06-023, localizado em Itapetinga, no m\u00e9dio sudoeste do estado. O subtenente Luiz veio transferido do 2\u00b0 Pelot\u00e3o de Comunica\u00e7\u00f5es da cidade de S\u00e3o Gabriel da Cachoeira, no estado do Amazonas, para o TG de Itapetinga.\u00a0 Na manh\u00e3 desta [&hellip;]<\/p>\n","protected":false},"author":2,"featured_media":114826,"comment_status":"closed","ping_status":"open","sticky":false,"template":"","format":"standard","meta":{"footnotes":"","_links_to":"","_links_to_target":""},"categories":[1],"tags":[],"class_list":["post-114825","post","type-post","status-publish","format-standard","has-post-thumbnail","hentry","category-geral"],"views":1177,"_links":{"self":[{"href":"https:\/\/www.sudoestehoje.com.br\/novoportal\/wp-json\/wp\/v2\/posts\/114825","targetHints":{"allow":["GET"]}}],"collection":[{"href":"https:\/\/www.sudoestehoje.com.br\/novoportal\/wp-json\/wp\/v2\/posts"}],"about":[{"href":"https:\/\/www.sudoestehoje.com.br\/novoportal\/wp-json\/wp\/v2\/types\/post"}],"author":[{"embeddable":true,"href":"https:\/\/www.sudoestehoje.com.br\/novoportal\/wp-json\/wp\/v2\/users\/2"}],"replies":[{"embeddable":true,"href":"https:\/\/www.sudoestehoje.com.br\/novoportal\/wp-json\/wp\/v2\/comments?post=114825"}],"version-history":[{"count":3,"href":"https:\/\/www.sudoestehoje.com.br\/novoportal\/wp-json\/wp\/v2\/posts\/114825\/revisions"}],"predecessor-version":[{"id":114829,"href":"https:\/\/www.sudoestehoje.com.br\/novoportal\/wp-json\/wp\/v2\/posts\/114825\/revisions\/114829"}],"wp:featuredmedia":[{"embeddable":true,"href":"https:\/\/www.sudoestehoje.com.br\/novoportal\/wp-json\/wp\/v2\/media\/114826"}],"wp:attachment":[{"href":"https:\/\/www.sudoestehoje.com.br\/novoportal\/wp-json\/wp\/v2\/media?parent=114825"}],"wp:term":[{"taxonomy":"category","embeddable":true,"href":"https:\/\/www.sudoestehoje.com.br\/novoportal\/wp-json\/wp\/v2\/categories?post=114825"},{"taxonomy":"post_tag","embeddable":true,"href":"https:\/\/www.sudoestehoje.com.br\/novoportal\/wp-json\/wp\/v2\/tags?post=114825"}],"curies":[{"name":"wp","href":"https:\/\/api.w.org\/{rel}","templated":true}]}}