
{"id":114817,"date":"2024-01-23T11:41:46","date_gmt":"2024-01-23T14:41:46","guid":{"rendered":"https:\/\/www.sudoestehoje.com.br\/novoportal\/?p=114817"},"modified":"2024-01-23T11:41:46","modified_gmt":"2024-01-23T14:41:46","slug":"chuvas-fortes-causam-alagamentos-e-outros-transtornos-em-ilheus","status":"publish","type":"post","link":"https:\/\/www.sudoestehoje.com.br\/novoportal\/2024\/01\/23\/chuvas-fortes-causam-alagamentos-e-outros-transtornos-em-ilheus\/","title":{"rendered":"CHUVAS FORTES CAUSAM ALAGAMENTOS E OUTROS TRANSTORNOS EM ILH\u00c9US"},"content":{"rendered":"<p><img loading=\"lazy\" decoding=\"async\" class=\"alignnone  wp-image-114820\" src=\"https:\/\/www.sudoestehoje.com.br\/novoportal\/wp-content\/uploads\/2024\/01\/ilheus-600x586.jpg\" alt=\"\" width=\"551\" height=\"538\" srcset=\"https:\/\/www.sudoestehoje.com.br\/novoportal\/wp-content\/uploads\/2024\/01\/ilheus-600x586.jpg 600w, https:\/\/www.sudoestehoje.com.br\/novoportal\/wp-content\/uploads\/2024\/01\/ilheus-700x683.jpg 700w, https:\/\/www.sudoestehoje.com.br\/novoportal\/wp-content\/uploads\/2024\/01\/ilheus-768x749.jpg 768w, https:\/\/www.sudoestehoje.com.br\/novoportal\/wp-content\/uploads\/2024\/01\/ilheus.jpg 1079w\" sizes=\"auto, (max-width: 551px) 100vw, 551px\" \/><\/p>\n<p><strong>A\u00a0cidade de Ilh\u00e9us, no sul da Bahia, enfrenta fortes chuvas desde a madrugada desta ter\u00e7a-feira (23). De acordo com informa\u00e7\u00f5es da Defesa Civil, choveu 186 mil\u00edmetros na madrugada e nas primeiras horas da manh\u00e3 de hoje, o equivalente a uma m\u00e9dia de 186 litros de \u00e1gua por metro quadrado.\u00a0<\/strong><\/p>\n<p><strong>A principal avenida da cidade, a Soares Lopes, ficou quase que totalmente alagada com as chuvas que ca\u00edram durante a madrugada desta ter\u00e7a, sem contar com vias do centro comercial que tamb\u00e9m sofreram com alagamentos.<\/strong><\/p>\n<p><strong>Foram registradas ainda, quedas de algumas \u00e1rvores na BR-415, que liga a cidade a Itabuna, e nas proximidades do Condom\u00ednio Mar e Sol, na zona norte, de acordo com informa\u00e7\u00f5es do site Pimenta.<\/strong><\/p>\n<p><strong>Reda\u00e7\u00e3o SH<\/strong><\/p>\n","protected":false},"excerpt":{"rendered":"<p>A\u00a0cidade de Ilh\u00e9us, no sul da Bahia, enfrenta fortes chuvas desde a madrugada desta ter\u00e7a-feira (23). De acordo com informa\u00e7\u00f5es da Defesa Civil, choveu 186 mil\u00edmetros na madrugada e nas primeiras horas da manh\u00e3 de hoje, o equivalente a uma m\u00e9dia de 186 litros de \u00e1gua por metro quadrado.\u00a0 A principal avenida da cidade, a [&hellip;]<\/p>\n","protected":false},"author":2,"featured_media":114820,"comment_status":"closed","ping_status":"open","sticky":false,"template":"","format":"standard","meta":{"footnotes":"","_links_to":"","_links_to_target":""},"categories":[1],"tags":[],"class_list":["post-114817","post","type-post","status-publish","format-standard","has-post-thumbnail","hentry","category-geral"],"views":1429,"_links":{"self":[{"href":"https:\/\/www.sudoestehoje.com.br\/novoportal\/wp-json\/wp\/v2\/posts\/114817","targetHints":{"allow":["GET"]}}],"collection":[{"href":"https:\/\/www.sudoestehoje.com.br\/novoportal\/wp-json\/wp\/v2\/posts"}],"about":[{"href":"https:\/\/www.sudoestehoje.com.br\/novoportal\/wp-json\/wp\/v2\/types\/post"}],"author":[{"embeddable":true,"href":"https:\/\/www.sudoestehoje.com.br\/novoportal\/wp-json\/wp\/v2\/users\/2"}],"replies":[{"embeddable":true,"href":"https:\/\/www.sudoestehoje.com.br\/novoportal\/wp-json\/wp\/v2\/comments?post=114817"}],"version-history":[{"count":4,"href":"https:\/\/www.sudoestehoje.com.br\/novoportal\/wp-json\/wp\/v2\/posts\/114817\/revisions"}],"predecessor-version":[{"id":114822,"href":"https:\/\/www.sudoestehoje.com.br\/novoportal\/wp-json\/wp\/v2\/posts\/114817\/revisions\/114822"}],"wp:featuredmedia":[{"embeddable":true,"href":"https:\/\/www.sudoestehoje.com.br\/novoportal\/wp-json\/wp\/v2\/media\/114820"}],"wp:attachment":[{"href":"https:\/\/www.sudoestehoje.com.br\/novoportal\/wp-json\/wp\/v2\/media?parent=114817"}],"wp:term":[{"taxonomy":"category","embeddable":true,"href":"https:\/\/www.sudoestehoje.com.br\/novoportal\/wp-json\/wp\/v2\/categories?post=114817"},{"taxonomy":"post_tag","embeddable":true,"href":"https:\/\/www.sudoestehoje.com.br\/novoportal\/wp-json\/wp\/v2\/tags?post=114817"}],"curies":[{"name":"wp","href":"https:\/\/api.w.org\/{rel}","templated":true}]}}