
{"id":114812,"date":"2024-01-23T10:12:03","date_gmt":"2024-01-23T13:12:03","guid":{"rendered":"https:\/\/www.sudoestehoje.com.br\/novoportal\/?p=114812"},"modified":"2024-01-23T10:12:03","modified_gmt":"2024-01-23T13:12:03","slug":"choveu-bem-na-capital-da-pecuaria-baiana","status":"publish","type":"post","link":"https:\/\/www.sudoestehoje.com.br\/novoportal\/2024\/01\/23\/choveu-bem-na-capital-da-pecuaria-baiana\/","title":{"rendered":"CHOVEU BEM NA CAPITAL DA PECU\u00c1RIA BAIANA"},"content":{"rendered":"<p><img loading=\"lazy\" decoding=\"async\" class=\"alignnone  wp-image-114815\" src=\"https:\/\/www.sudoestehoje.com.br\/novoportal\/wp-content\/uploads\/2024\/01\/WhatsApp-Image-2024-01-23-at-10.07.36-600x338.jpeg\" alt=\"\" width=\"550\" height=\"310\" srcset=\"https:\/\/www.sudoestehoje.com.br\/novoportal\/wp-content\/uploads\/2024\/01\/WhatsApp-Image-2024-01-23-at-10.07.36-600x338.jpeg 600w, https:\/\/www.sudoestehoje.com.br\/novoportal\/wp-content\/uploads\/2024\/01\/WhatsApp-Image-2024-01-23-at-10.07.36-700x394.jpeg 700w, https:\/\/www.sudoestehoje.com.br\/novoportal\/wp-content\/uploads\/2024\/01\/WhatsApp-Image-2024-01-23-at-10.07.36-768x432.jpeg 768w, https:\/\/www.sudoestehoje.com.br\/novoportal\/wp-content\/uploads\/2024\/01\/WhatsApp-Image-2024-01-23-at-10.07.36-1536x865.jpeg 1536w, https:\/\/www.sudoestehoje.com.br\/novoportal\/wp-content\/uploads\/2024\/01\/WhatsApp-Image-2024-01-23-at-10.07.36.jpeg 1600w\" sizes=\"auto, (max-width: 550px) 100vw, 550px\" \/><\/p>\n<p><strong>Durante toda a madrugada e parte da manh\u00e3 desta ter\u00e7a-feira (23), a chuva voltou a cair em Itapetinga, cidade do m\u00e9dio sudoeste conhecida como a &#8216;Capital da Pecu\u00e1ria Baiana&#8217;.<\/strong><\/p>\n<p><strong>Durante todo o m\u00eas de dezembro passado, a expectativa era de muita chuva, mas as precipita\u00e7\u00f5es pluviom\u00e9tricas foram frustrantes, bem aqu\u00e9m do esperado para as necessidades da regi\u00e3o.<\/strong><\/p>\n<p><strong>As chuvas de hoje, apesar de moderadas, compensaram um pouco essa necessidade, com possibilidade de continuidade, de acordo com as previs\u00f5es meteorol\u00f3gicas.<\/strong><\/p>\n<p><strong>De acordo com a Defesa Civil, nenhuma ocorr\u00eancia s\u00e9ria de danos causados pela chuva foi registrada na cidade, at\u00e9 agora.<\/strong><\/p>\n<p><strong>Por Davi Ferraz<\/strong><\/p>\n","protected":false},"excerpt":{"rendered":"<p>Durante toda a madrugada e parte da manh\u00e3 desta ter\u00e7a-feira (23), a chuva voltou a cair em Itapetinga, cidade do m\u00e9dio sudoeste conhecida como a &#8216;Capital da Pecu\u00e1ria Baiana&#8217;. Durante todo o m\u00eas de dezembro passado, a expectativa era de muita chuva, mas as precipita\u00e7\u00f5es pluviom\u00e9tricas foram frustrantes, bem aqu\u00e9m do esperado para as necessidades [&hellip;]<\/p>\n","protected":false},"author":2,"featured_media":114815,"comment_status":"closed","ping_status":"open","sticky":false,"template":"","format":"standard","meta":{"footnotes":"","_links_to":"","_links_to_target":""},"categories":[1],"tags":[],"class_list":["post-114812","post","type-post","status-publish","format-standard","has-post-thumbnail","hentry","category-geral"],"views":1724,"_links":{"self":[{"href":"https:\/\/www.sudoestehoje.com.br\/novoportal\/wp-json\/wp\/v2\/posts\/114812","targetHints":{"allow":["GET"]}}],"collection":[{"href":"https:\/\/www.sudoestehoje.com.br\/novoportal\/wp-json\/wp\/v2\/posts"}],"about":[{"href":"https:\/\/www.sudoestehoje.com.br\/novoportal\/wp-json\/wp\/v2\/types\/post"}],"author":[{"embeddable":true,"href":"https:\/\/www.sudoestehoje.com.br\/novoportal\/wp-json\/wp\/v2\/users\/2"}],"replies":[{"embeddable":true,"href":"https:\/\/www.sudoestehoje.com.br\/novoportal\/wp-json\/wp\/v2\/comments?post=114812"}],"version-history":[{"count":3,"href":"https:\/\/www.sudoestehoje.com.br\/novoportal\/wp-json\/wp\/v2\/posts\/114812\/revisions"}],"predecessor-version":[{"id":114816,"href":"https:\/\/www.sudoestehoje.com.br\/novoportal\/wp-json\/wp\/v2\/posts\/114812\/revisions\/114816"}],"wp:featuredmedia":[{"embeddable":true,"href":"https:\/\/www.sudoestehoje.com.br\/novoportal\/wp-json\/wp\/v2\/media\/114815"}],"wp:attachment":[{"href":"https:\/\/www.sudoestehoje.com.br\/novoportal\/wp-json\/wp\/v2\/media?parent=114812"}],"wp:term":[{"taxonomy":"category","embeddable":true,"href":"https:\/\/www.sudoestehoje.com.br\/novoportal\/wp-json\/wp\/v2\/categories?post=114812"},{"taxonomy":"post_tag","embeddable":true,"href":"https:\/\/www.sudoestehoje.com.br\/novoportal\/wp-json\/wp\/v2\/tags?post=114812"}],"curies":[{"name":"wp","href":"https:\/\/api.w.org\/{rel}","templated":true}]}}