
{"id":114795,"date":"2024-01-22T09:17:20","date_gmt":"2024-01-22T12:17:20","guid":{"rendered":"https:\/\/www.sudoestehoje.com.br\/novoportal\/?p=114795"},"modified":"2024-01-22T09:17:20","modified_gmt":"2024-01-22T12:17:20","slug":"itapetinga-policia-militar-emite-boletim-de-ocorrencia-sobre-conflito-entre-indios-e-fazendeiros","status":"publish","type":"post","link":"https:\/\/www.sudoestehoje.com.br\/novoportal\/2024\/01\/22\/itapetinga-policia-militar-emite-boletim-de-ocorrencia-sobre-conflito-entre-indios-e-fazendeiros\/","title":{"rendered":"ITAPETINGA | POL\u00cdCIA MILITAR EMITE BOLETIM DE OCORR\u00caNCIA SOBRE CONFLITO ENTRE \u00cdNDIOS E FAZENDEIROS"},"content":{"rendered":"<p><img loading=\"lazy\" decoding=\"async\" class=\"alignnone  wp-image-114797\" src=\"https:\/\/www.sudoestehoje.com.br\/novoportal\/wp-content\/uploads\/2024\/01\/812b1664-b01e-477f-bcd8-ac6429c2c722-1-600x424.jpg\" alt=\"\" width=\"550\" height=\"389\" srcset=\"https:\/\/www.sudoestehoje.com.br\/novoportal\/wp-content\/uploads\/2024\/01\/812b1664-b01e-477f-bcd8-ac6429c2c722-1-600x424.jpg 600w, https:\/\/www.sudoestehoje.com.br\/novoportal\/wp-content\/uploads\/2024\/01\/812b1664-b01e-477f-bcd8-ac6429c2c722-1-700x495.jpg 700w, https:\/\/www.sudoestehoje.com.br\/novoportal\/wp-content\/uploads\/2024\/01\/812b1664-b01e-477f-bcd8-ac6429c2c722-1.jpg 741w\" sizes=\"auto, (max-width: 550px) 100vw, 550px\" \/><\/p>\n<p><strong>Neste domingo, a 8\u00aa CIPM, sediada em Itapetinga, divulgou boletin sobre a atua\u00e7\u00e3o da Pol\u00edcia Militar no conflito ocorrido entre fazendeiros e \u00edndios da etnia Patax\u00f3, durante a invas\u00e3o de uma fazenda no munic\u00edpio. Confira:<\/strong><\/p>\n<p><em>PMBA &#8211; CPRS<\/em><br \/>\n<em>8\u00aaCIPM &#8211; ITAPETINGA<\/em><\/p>\n<p><em>&#x27a1;&#xfe0f; Tipo: Invas\u00e3o de propriedade rural por ind\u00edgenas\/confronto de invasores com pecuaristas<\/em><\/p>\n<p><em>&#x27a1;&#xfe0f; Descri\u00e7\u00e3o: Na madrugada de s\u00e1bado (20\/01), por volta das 04h30, cerca de 17 ind\u00edgenas invadiram a Fazenda Inhuma, situada na zona rural de Itapetinga e pr\u00f3ximo ao munic\u00edpio de Potiragu\u00e1. Os invasores fizeram dois vaqueiros de ref\u00e9ns, que liberaram no decorrer da manh\u00e3. Segundo um dos vaqueiros que foi feito de ref\u00e9m, alguns ind\u00edgenas estavam com o rosto coberto e eles estavam armados com rifles, rev\u00f3lveres, pistolas e espingardas calibre .12. No decorrer do dia foi montada uma Opera\u00e7\u00e3o da PM para acompanhar a situa\u00e7\u00e3o, com cerca de 6 viaturas, duas delas da CIPE Sudoeste e as outras da 8\u00aaCIPM. Um ind\u00edgena foi preso pela PM na manh\u00e3 do s\u00e1bado quando se dirigia para uma das fazendas. Ele estava com uma arma artesanal, que foi apreendida, e as demais pessoas que o acompanhavam fugiram ao ver a abordagem. <\/em><br \/>\n<em>As guarni\u00e7\u00f5es da PM mantiveram contato com os ind\u00edgenas na fazenda invadida e p restante do dia e na madrugada decorreu tudo na normalidade.<\/em><br \/>\n<em>Na manh\u00e3 do domingo (21\/01), os pecuaristas da regi\u00e3o, se reuniram na ponte do Rio Pardo para discutir a situa\u00e7\u00e3o da fazenda invadida. Na reuni\u00e3o, os mesmos decidiram tentar retomar a posse da propriedade rural.<\/em><br \/>\n<em>Diante disso, guarni\u00e7\u00f5es da Policia Militar fizeram um ponto de bloqueio em frente a fazenda invadida para evitar um conflito, quando foram surpreendidos por mais de 200 pessoas que se aproximaram e se identicaram como fazendeiros da regi\u00e3o. Momento em que houve um disparo de arma de fogo por parte dos indigenas e, a partir disso, generalizou um confronto entre ind\u00edgenas e fazendeiros, com disparos de arma, pedras e flechadas. <\/em><br \/>\n<em>Tr\u00eas pessoas ficaram feridas, sendo duas delas por parte dos ind\u00edgenas, e um fazendeiro tamb\u00e9m se feriu. Um dos ind\u00edgenas, uma mulher, foi ferida com um tiro e uma guarni\u00e7\u00e3o da PM prestou imediato socorro. Ao chegar no hospital de Potiragu\u00e1 ela ainda estava com vida, mas n\u00e3o resistiu aos ferimentos e faleceu. O outro ind\u00edgena ferido com um tiro no abd\u00f4men, o Cacique Nailton, est\u00e1 com a situa\u00e7\u00e3o est\u00e1vel at\u00e9 ent\u00e3o. O fazendeiro foi ferido por uma flechada no bra\u00e7o direito e tamb\u00e9m est\u00e1 est\u00e1vel.<\/em><br \/>\n<em>Durante o confronto, os ind\u00edgenas fugiram para o matagal e a PM conduziu duas pessoas por parte dos Pecuaristas, sendo um deles o autor do disparo que vitimou a ind\u00edgena. As guarni\u00e7\u00f5es tamb\u00e9m apreenderam quatro armas.<\/em><\/p>\n<p><em>&#x27a1;&#xfe0f; PESSOAS CONDUZIDAS:<\/em><br \/>\n<em>&#x2705;&#xfe0f; Jos\u00e9 Eug\u00eanio Fernandes Amorim, CPF 037.259.925-76<\/em><br \/>\n<em>&#x2705;&#xfe0f; Ant\u00f4nio Carlos Santana Silva, CPF 136.272.015-15<\/em><\/p>\n<p><em>&#x27a1;&#xfe0f; V\u00cdTIMAS:<\/em><br \/>\n<em>&#x2705;&#xfe0f; Maria de F\u00e1tima Muniz (\u00f3bito)<\/em><br \/>\n<em>&#x2705;&#xfe0f; Nailton Muniz Patax\u00f3 <\/em><br \/>\n<em>&#x2705;&#xfe0f; Ivan de Almeida Santos L\u00edrio, CPF 129.546.085-87<\/em><\/p>\n<p><em>&#x27a1;&#xfe0f; MATERIAL APREENDIDO:<\/em><br \/>\n<em>&#x2705;&#xfe0f; Duas pistolas;<\/em><br \/>\n<em>&#x2705;&#xfe0f; Dois Rev\u00f3lveres.<\/em><\/p>\n<p><em>&#x27a1;&#xfe0f; FONTE: ASCOM\/8\u00aaCIPM<\/em><\/p>\n","protected":false},"excerpt":{"rendered":"<p>Neste domingo, a 8\u00aa CIPM, sediada em Itapetinga, divulgou boletin sobre a atua\u00e7\u00e3o da Pol\u00edcia Militar no conflito ocorrido entre fazendeiros e \u00edndios da etnia Patax\u00f3, durante a invas\u00e3o de uma fazenda no munic\u00edpio. Confira: PMBA &#8211; CPRS 8\u00aaCIPM &#8211; ITAPETINGA &#x27a1;&#xfe0f; Tipo: Invas\u00e3o de propriedade rural por ind\u00edgenas\/confronto de invasores com pecuaristas &#x27a1;&#xfe0f; Descri\u00e7\u00e3o: [&hellip;]<\/p>\n","protected":false},"author":2,"featured_media":114797,"comment_status":"closed","ping_status":"open","sticky":false,"template":"","format":"standard","meta":{"footnotes":"","_links_to":"","_links_to_target":""},"categories":[1],"tags":[],"class_list":["post-114795","post","type-post","status-publish","format-standard","has-post-thumbnail","hentry","category-geral"],"views":1307,"_links":{"self":[{"href":"https:\/\/www.sudoestehoje.com.br\/novoportal\/wp-json\/wp\/v2\/posts\/114795","targetHints":{"allow":["GET"]}}],"collection":[{"href":"https:\/\/www.sudoestehoje.com.br\/novoportal\/wp-json\/wp\/v2\/posts"}],"about":[{"href":"https:\/\/www.sudoestehoje.com.br\/novoportal\/wp-json\/wp\/v2\/types\/post"}],"author":[{"embeddable":true,"href":"https:\/\/www.sudoestehoje.com.br\/novoportal\/wp-json\/wp\/v2\/users\/2"}],"replies":[{"embeddable":true,"href":"https:\/\/www.sudoestehoje.com.br\/novoportal\/wp-json\/wp\/v2\/comments?post=114795"}],"version-history":[{"count":3,"href":"https:\/\/www.sudoestehoje.com.br\/novoportal\/wp-json\/wp\/v2\/posts\/114795\/revisions"}],"predecessor-version":[{"id":114799,"href":"https:\/\/www.sudoestehoje.com.br\/novoportal\/wp-json\/wp\/v2\/posts\/114795\/revisions\/114799"}],"wp:featuredmedia":[{"embeddable":true,"href":"https:\/\/www.sudoestehoje.com.br\/novoportal\/wp-json\/wp\/v2\/media\/114797"}],"wp:attachment":[{"href":"https:\/\/www.sudoestehoje.com.br\/novoportal\/wp-json\/wp\/v2\/media?parent=114795"}],"wp:term":[{"taxonomy":"category","embeddable":true,"href":"https:\/\/www.sudoestehoje.com.br\/novoportal\/wp-json\/wp\/v2\/categories?post=114795"},{"taxonomy":"post_tag","embeddable":true,"href":"https:\/\/www.sudoestehoje.com.br\/novoportal\/wp-json\/wp\/v2\/tags?post=114795"}],"curies":[{"name":"wp","href":"https:\/\/api.w.org\/{rel}","templated":true}]}}