
{"id":114782,"date":"2024-01-21T17:18:05","date_gmt":"2024-01-21T20:18:05","guid":{"rendered":"https:\/\/www.sudoestehoje.com.br\/novoportal\/?p=114782"},"modified":"2024-01-21T19:08:51","modified_gmt":"2024-01-21T22:08:51","slug":"imprensa-da-capital-repercute-materia-do-sudoeste-hoje-sobre-conflito-entre-fazendeiros-e-indigenas","status":"publish","type":"post","link":"https:\/\/www.sudoestehoje.com.br\/novoportal\/2024\/01\/21\/imprensa-da-capital-repercute-materia-do-sudoeste-hoje-sobre-conflito-entre-fazendeiros-e-indigenas\/","title":{"rendered":"IMPRENSA DA CAPITAL REPERCUTE MAT\u00c9RIA DO SUDOESTE HOJE SOBRE CONFLITO ENTRE FAZENDEIROS E IND\u00cdGENAS"},"content":{"rendered":"<p><strong>A cobertura do Sudoeste Hoje no conflito entre \u00edndios e fazendeiros, no munic\u00edpio de Itapetinga, teve grande repercuss\u00e3o em todo o estado, atrav\u00e9s da grande imprensa da Bahia, a exemplo do site Bahia Not\u00edcias, um dos maiores portais de not\u00edcias do Brasil. Confira mat\u00e9ria:<\/strong><\/p>\n<p><img loading=\"lazy\" decoding=\"async\" class=\"alignnone wp-image-114784\" src=\"https:\/\/www.sudoestehoje.com.br\/novoportal\/wp-content\/uploads\/2024\/01\/6b16420b-a87e-4165-b18b-a21323690474-522x800.jpg\" alt=\"\" width=\"525\" height=\"805\" srcset=\"https:\/\/www.sudoestehoje.com.br\/novoportal\/wp-content\/uploads\/2024\/01\/6b16420b-a87e-4165-b18b-a21323690474-522x800.jpg 522w, https:\/\/www.sudoestehoje.com.br\/novoportal\/wp-content\/uploads\/2024\/01\/6b16420b-a87e-4165-b18b-a21323690474-653x1000.jpg 653w, https:\/\/www.sudoestehoje.com.br\/novoportal\/wp-content\/uploads\/2024\/01\/6b16420b-a87e-4165-b18b-a21323690474-768x1177.jpg 768w, https:\/\/www.sudoestehoje.com.br\/novoportal\/wp-content\/uploads\/2024\/01\/6b16420b-a87e-4165-b18b-a21323690474-1002x1536.jpg 1002w, https:\/\/www.sudoestehoje.com.br\/novoportal\/wp-content\/uploads\/2024\/01\/6b16420b-a87e-4165-b18b-a21323690474.jpg 1044w\" sizes=\"auto, (max-width: 525px) 100vw, 525px\" \/><\/p>\n<p><strong>Fazendeiros da regi\u00e3o de Itapetinga realizaram neste domingo (21) uma grande mobiliza\u00e7\u00e3o para desocupar uma fazenda localizada \u00e0s margens do Rio Prado, pr\u00f3ximo a ponte que divide os munic\u00edpios de Itapetinga de Potirag\u00faa, que teria sido invadida por ind\u00edgenas desde o \u00faltimo s\u00e1bado (20).<\/strong><\/p>\n<p><strong>De acordo com o site <span style=\"color: #0000ff;\">Sudoeste Hoje<\/span>, a mobiliza\u00e7\u00e3o deste domingo foi organizada pelo movimento &#8216;Invas\u00e3o Zero&#8217;, de pecuaristas da regi\u00e3o. A a\u00e7\u00e3o, que contou com aux\u00edlio da Pol\u00edcia Militar, impediu o avan\u00e7o das ocupa\u00e7\u00f5es em outras propriedades da regi\u00e3o.\u00a0<\/strong><\/p>\n<p><strong>Segundo a publica\u00e7\u00e3o, entre as terras que se tornaram alvos de invas\u00e3o estavam terras do ex-deputado federal Geddel Vieira Lima.<\/strong><\/p>\n<p><strong>O site Pol\u00edticos do Sul da Bahia, parceiro do Bahia Not\u00edcias, informa que os fazendeiros chegaram ao local e foram recebidos com tiros pelos ind\u00edgenas. Durante a a\u00e7\u00e3o, houve troca de tiros e tr\u00eas pessoas ligadas aos invasores foram feridas.<\/strong><\/p>\n<p><strong>Os ind\u00edgenas feridos foram encaminhados para o hospital de Potiragu\u00e1, cidade mais pr\u00f3xima \u00e0 fazenda onde ocorreu o conflito.<\/strong><\/p>\n","protected":false},"excerpt":{"rendered":"<p>A cobertura do Sudoeste Hoje no conflito entre \u00edndios e fazendeiros, no munic\u00edpio de Itapetinga, teve grande repercuss\u00e3o em todo o estado, atrav\u00e9s da grande imprensa da Bahia, a exemplo do site Bahia Not\u00edcias, um dos maiores portais de not\u00edcias do Brasil. Confira mat\u00e9ria: Fazendeiros da regi\u00e3o de Itapetinga realizaram neste domingo (21) uma grande [&hellip;]<\/p>\n","protected":false},"author":2,"featured_media":114784,"comment_status":"closed","ping_status":"open","sticky":false,"template":"","format":"standard","meta":{"footnotes":"","_links_to":"","_links_to_target":""},"categories":[1],"tags":[],"class_list":["post-114782","post","type-post","status-publish","format-standard","has-post-thumbnail","hentry","category-geral"],"views":1231,"_links":{"self":[{"href":"https:\/\/www.sudoestehoje.com.br\/novoportal\/wp-json\/wp\/v2\/posts\/114782","targetHints":{"allow":["GET"]}}],"collection":[{"href":"https:\/\/www.sudoestehoje.com.br\/novoportal\/wp-json\/wp\/v2\/posts"}],"about":[{"href":"https:\/\/www.sudoestehoje.com.br\/novoportal\/wp-json\/wp\/v2\/types\/post"}],"author":[{"embeddable":true,"href":"https:\/\/www.sudoestehoje.com.br\/novoportal\/wp-json\/wp\/v2\/users\/2"}],"replies":[{"embeddable":true,"href":"https:\/\/www.sudoestehoje.com.br\/novoportal\/wp-json\/wp\/v2\/comments?post=114782"}],"version-history":[{"count":4,"href":"https:\/\/www.sudoestehoje.com.br\/novoportal\/wp-json\/wp\/v2\/posts\/114782\/revisions"}],"predecessor-version":[{"id":114787,"href":"https:\/\/www.sudoestehoje.com.br\/novoportal\/wp-json\/wp\/v2\/posts\/114782\/revisions\/114787"}],"wp:featuredmedia":[{"embeddable":true,"href":"https:\/\/www.sudoestehoje.com.br\/novoportal\/wp-json\/wp\/v2\/media\/114784"}],"wp:attachment":[{"href":"https:\/\/www.sudoestehoje.com.br\/novoportal\/wp-json\/wp\/v2\/media?parent=114782"}],"wp:term":[{"taxonomy":"category","embeddable":true,"href":"https:\/\/www.sudoestehoje.com.br\/novoportal\/wp-json\/wp\/v2\/categories?post=114782"},{"taxonomy":"post_tag","embeddable":true,"href":"https:\/\/www.sudoestehoje.com.br\/novoportal\/wp-json\/wp\/v2\/tags?post=114782"}],"curies":[{"name":"wp","href":"https:\/\/api.w.org\/{rel}","templated":true}]}}