
{"id":114762,"date":"2024-01-21T13:12:15","date_gmt":"2024-01-21T16:12:15","guid":{"rendered":"https:\/\/www.sudoestehoje.com.br\/novoportal\/?p=114762"},"modified":"2024-01-21T13:32:24","modified_gmt":"2024-01-21T16:32:24","slug":"itapetinga-mobilizacao-de-fazendeiros-impede-invasao-de-terras-por-supostos-indigeneas-no-municipio","status":"publish","type":"post","link":"https:\/\/www.sudoestehoje.com.br\/novoportal\/2024\/01\/21\/itapetinga-mobilizacao-de-fazendeiros-impede-invasao-de-terras-por-supostos-indigeneas-no-municipio\/","title":{"rendered":"ITAPETINGA | MOBILIZA\u00c7\u00c3O DE FAZENDEIROS INTERROMPE INVAS\u00c3O DE TERRAS POR SUPOSTOS &#8216;IND\u00cdGENEAS&#8217; NO MUNIC\u00cdPIO"},"content":{"rendered":"<p><img loading=\"lazy\" decoding=\"async\" class=\"alignnone wp-image-114768\" src=\"https:\/\/www.sudoestehoje.com.br\/novoportal\/wp-content\/uploads\/2024\/01\/WhatsApp-Image-2024-01-21-at-13.02.48-600x338.jpeg\" alt=\"\" width=\"550\" height=\"310\" srcset=\"https:\/\/www.sudoestehoje.com.br\/novoportal\/wp-content\/uploads\/2024\/01\/WhatsApp-Image-2024-01-21-at-13.02.48-600x338.jpeg 600w, https:\/\/www.sudoestehoje.com.br\/novoportal\/wp-content\/uploads\/2024\/01\/WhatsApp-Image-2024-01-21-at-13.02.48-700x394.jpeg 700w, https:\/\/www.sudoestehoje.com.br\/novoportal\/wp-content\/uploads\/2024\/01\/WhatsApp-Image-2024-01-21-at-13.02.48-768x432.jpeg 768w, https:\/\/www.sudoestehoje.com.br\/novoportal\/wp-content\/uploads\/2024\/01\/WhatsApp-Image-2024-01-21-at-13.02.48.jpeg 1280w\" sizes=\"auto, (max-width: 550px) 100vw, 550px\" \/><\/p>\n<p><strong>Na manh\u00e3 deste domingo (21), fazendeiros de toda a regi\u00e3o de Itapetinga realizaram uma grande mobiliza\u00e7\u00e3o para desocupar uma fazenda localizada \u00e0s margens do Rio Pardo, nas proximidades da ponte que divide os munic\u00edpios de Itapetinga e Potiragu\u00e1, invadida por supostos &#8216;ind\u00edgenas&#8217;, desde o \u00faltimo s\u00e1bado (20).<\/strong><\/p>\n<p><strong>Quando a noticia da invas\u00e3o da primeira propriedade foi divulgadas nas redes sociais, o movimento &#8216;Invas\u00e3o Zero&#8217;, organizado por pecuaristas da regi\u00e3o, mobilizou um enorme grupo de fazendeiros e foram at\u00e9 o local da invas\u00e3o, no intuito de impedir a ocupa\u00e7\u00e3o de novas fazendas, que j\u00e1 estavam nos planos dos invasores, incluindo as terras do ex-ministro Geddel Vieira Lima, que j\u00e1 foram ocupadas em movimentos anteriores.\u00a0<\/strong><\/p>\n<p><strong>A mobiliza\u00e7\u00e3o impediu o avan\u00e7o das ocupa\u00e7\u00f5es nas outras propriedades, com o aux\u00edlio da Pol\u00edcia Militar que tamb\u00e9m se encontra no local.<\/strong><\/p>\n<p><strong>De acordo com estudo e posicionamento do INCRA, em data anterior, as terras reivindicadas pelos &#8216;\u00edndios&#8217; na regi\u00e3o, nunca fizeram parte de reservas ind\u00edgenas. Confiram fotos:<\/strong><\/p>\n\n\t\t<style type=\"text\/css\">\n\t\t\t#gallery-1 {\n\t\t\t\tmargin: auto;\n\t\t\t}\n\t\t\t#gallery-1 .gallery-item {\n\t\t\t\tfloat: left;\n\t\t\t\tmargin-top: 10px;\n\t\t\t\ttext-align: center;\n\t\t\t\twidth: 33%;\n\t\t\t}\n\t\t\t#gallery-1 img {\n\t\t\t\tborder: 2px solid #cfcfcf;\n\t\t\t}\n\t\t\t#gallery-1 .gallery-caption {\n\t\t\t\tmargin-left: 0;\n\t\t\t}\n\t\t\t\/* see gallery_shortcode() in wp-includes\/media.php *\/\n\t\t<\/style>\n\t\t<div id='gallery-1' class='gallery galleryid-114762 gallery-columns-3 gallery-size-thumbnail'><dl class='gallery-item'>\n\t\t\t<dt class='gallery-icon landscape'>\n\t\t\t\t<a href='https:\/\/www.sudoestehoje.com.br\/novoportal\/2024\/01\/21\/itapetinga-mobilizacao-de-fazendeiros-impede-invasao-de-terras-por-supostos-indigeneas-no-municipio\/0df54298-02d1-48a7-bd8c-e8f156d55462\/'><img loading=\"lazy\" decoding=\"async\" width=\"150\" height=\"150\" src=\"https:\/\/www.sudoestehoje.com.br\/novoportal\/wp-content\/uploads\/2024\/01\/0df54298-02d1-48a7-bd8c-e8f156d55462-150x150.jpg\" class=\"attachment-thumbnail size-thumbnail\" alt=\"\" \/><\/a>\n\t\t\t<\/dt><\/dl><dl class='gallery-item'>\n\t\t\t<dt class='gallery-icon landscape'>\n\t\t\t\t<a href='https:\/\/www.sudoestehoje.com.br\/novoportal\/2024\/01\/21\/itapetinga-mobilizacao-de-fazendeiros-impede-invasao-de-terras-por-supostos-indigeneas-no-municipio\/whatsapp-image-2024-01-21-at-13-02-48-2\/'><img loading=\"lazy\" decoding=\"async\" width=\"150\" height=\"150\" src=\"https:\/\/www.sudoestehoje.com.br\/novoportal\/wp-content\/uploads\/2024\/01\/WhatsApp-Image-2024-01-21-at-13.02.48-2-150x150.jpeg\" class=\"attachment-thumbnail size-thumbnail\" alt=\"\" \/><\/a>\n\t\t\t<\/dt><\/dl><dl class='gallery-item'>\n\t\t\t<dt class='gallery-icon landscape'>\n\t\t\t\t<a href='https:\/\/www.sudoestehoje.com.br\/novoportal\/2024\/01\/21\/itapetinga-mobilizacao-de-fazendeiros-impede-invasao-de-terras-por-supostos-indigeneas-no-municipio\/whatsapp-image-2024-01-21-at-13-02-48-1\/'><img loading=\"lazy\" decoding=\"async\" width=\"150\" height=\"150\" src=\"https:\/\/www.sudoestehoje.com.br\/novoportal\/wp-content\/uploads\/2024\/01\/WhatsApp-Image-2024-01-21-at-13.02.48-1-150x150.jpeg\" class=\"attachment-thumbnail size-thumbnail\" alt=\"\" \/><\/a>\n\t\t\t<\/dt><\/dl><br style=\"clear: both\" \/>\n\t\t<\/div>\n\n","protected":false},"excerpt":{"rendered":"<p>Na manh\u00e3 deste domingo (21), fazendeiros de toda a regi\u00e3o de Itapetinga realizaram uma grande mobiliza\u00e7\u00e3o para desocupar uma fazenda localizada \u00e0s margens do Rio Pardo, nas proximidades da ponte que divide os munic\u00edpios de Itapetinga e Potiragu\u00e1, invadida por supostos &#8216;ind\u00edgenas&#8217;, desde o \u00faltimo s\u00e1bado (20). Quando a noticia da invas\u00e3o da primeira propriedade [&hellip;]<\/p>\n","protected":false},"author":2,"featured_media":114768,"comment_status":"closed","ping_status":"open","sticky":false,"template":"","format":"standard","meta":{"footnotes":"","_links_to":"","_links_to_target":""},"categories":[1],"tags":[],"class_list":["post-114762","post","type-post","status-publish","format-standard","has-post-thumbnail","hentry","category-geral"],"views":2300,"_links":{"self":[{"href":"https:\/\/www.sudoestehoje.com.br\/novoportal\/wp-json\/wp\/v2\/posts\/114762","targetHints":{"allow":["GET"]}}],"collection":[{"href":"https:\/\/www.sudoestehoje.com.br\/novoportal\/wp-json\/wp\/v2\/posts"}],"about":[{"href":"https:\/\/www.sudoestehoje.com.br\/novoportal\/wp-json\/wp\/v2\/types\/post"}],"author":[{"embeddable":true,"href":"https:\/\/www.sudoestehoje.com.br\/novoportal\/wp-json\/wp\/v2\/users\/2"}],"replies":[{"embeddable":true,"href":"https:\/\/www.sudoestehoje.com.br\/novoportal\/wp-json\/wp\/v2\/comments?post=114762"}],"version-history":[{"count":5,"href":"https:\/\/www.sudoestehoje.com.br\/novoportal\/wp-json\/wp\/v2\/posts\/114762\/revisions"}],"predecessor-version":[{"id":114775,"href":"https:\/\/www.sudoestehoje.com.br\/novoportal\/wp-json\/wp\/v2\/posts\/114762\/revisions\/114775"}],"wp:featuredmedia":[{"embeddable":true,"href":"https:\/\/www.sudoestehoje.com.br\/novoportal\/wp-json\/wp\/v2\/media\/114768"}],"wp:attachment":[{"href":"https:\/\/www.sudoestehoje.com.br\/novoportal\/wp-json\/wp\/v2\/media?parent=114762"}],"wp:term":[{"taxonomy":"category","embeddable":true,"href":"https:\/\/www.sudoestehoje.com.br\/novoportal\/wp-json\/wp\/v2\/categories?post=114762"},{"taxonomy":"post_tag","embeddable":true,"href":"https:\/\/www.sudoestehoje.com.br\/novoportal\/wp-json\/wp\/v2\/tags?post=114762"}],"curies":[{"name":"wp","href":"https:\/\/api.w.org\/{rel}","templated":true}]}}