
{"id":114750,"date":"2024-01-19T10:14:04","date_gmt":"2024-01-19T13:14:04","guid":{"rendered":"https:\/\/www.sudoestehoje.com.br\/novoportal\/?p=114750"},"modified":"2024-01-19T10:14:04","modified_gmt":"2024-01-19T13:14:04","slug":"inscricoes-para-concurso-publico-unificado-comecam-nesta-sexta-feira-19","status":"publish","type":"post","link":"https:\/\/www.sudoestehoje.com.br\/novoportal\/2024\/01\/19\/inscricoes-para-concurso-publico-unificado-comecam-nesta-sexta-feira-19\/","title":{"rendered":"INSCRI\u00c7\u00d5ES PARA CONCURSO P\u00daBLICO UNIFICADO COME\u00c7AM NESTA SEXTA-FEIRA (19)"},"content":{"rendered":"<p><img loading=\"lazy\" decoding=\"async\" class=\"alignnone  wp-image-114751\" src=\"https:\/\/www.sudoestehoje.com.br\/novoportal\/wp-content\/uploads\/2024\/01\/concurso-unificado-600x401.jpg\" alt=\"\" width=\"551\" height=\"368\" srcset=\"https:\/\/www.sudoestehoje.com.br\/novoportal\/wp-content\/uploads\/2024\/01\/concurso-unificado-600x401.jpg 600w, https:\/\/www.sudoestehoje.com.br\/novoportal\/wp-content\/uploads\/2024\/01\/concurso-unificado-700x467.jpg 700w, https:\/\/www.sudoestehoje.com.br\/novoportal\/wp-content\/uploads\/2024\/01\/concurso-unificado-768x513.jpg 768w, https:\/\/www.sudoestehoje.com.br\/novoportal\/wp-content\/uploads\/2024\/01\/concurso-unificado.jpg 1200w\" sizes=\"auto, (max-width: 551px) 100vw, 551px\" \/><\/p>\n<p><strong>As inscri\u00e7\u00f5es para o Concurso P\u00fablico Nacional Unificado come\u00e7am nesta sexta-feira (19) e seguem at\u00e9 o dia 9 de fevereiro. O certame vai selecionar, de uma s\u00f3 vez, 6.640 servidores para lota\u00e7\u00e3o em 21 \u00f3rg\u00e3os p\u00fablicos federais.\u00a0<img decoding=\"async\" src=\"https:\/\/agenciabrasil.ebc.com.br\/ebc.png?id=1576476&amp;o=node\" \/><img decoding=\"async\" src=\"https:\/\/agenciabrasil.ebc.com.br\/ebc.gif?id=1576476&amp;o=node\" \/><\/strong><\/p>\n<p><strong>As provas ser\u00e3o aplicadas no dia 5 de maio, em 220 cidades, distribu\u00eddas em todos os estados e no Distrito Federal. A taxa de inscri\u00e7\u00e3o \u00e9 R$ 60 para vagas de n\u00edvel m\u00e9dio e R$ 90, para vagas de n\u00edvel superior.<\/strong><\/p>\n<p><strong>Est\u00e3o isentos candidatos que integram o Cadastro \u00danico para Programas Sociais (Cad\u00danico) e que cursam ou cursaram faculdade com apoio do Fundo de Financiamento ao Estudante do Ensino Superior (Fies) ou do Programa Universidade para Todos (ProUni), assim como doadores de medula \u00f3ssea.<\/strong><\/p>\n<p><strong>No ato\u00a0 da inscri\u00e7\u00e3o, feita exclusivamente pelo aplicativo Gov.br, ser\u00e1 gerada uma Guia de Recolhimento da Uni\u00e3o (GRU), \u00fanico mecanismo de pagamento que valer\u00e1 para o concurso.<\/strong><\/p>\n<p><strong>O Minist\u00e9rio da Gest\u00e3o e da Inova\u00e7\u00e3o em Servi\u00e7os P\u00fablicos, respons\u00e1vel pela condu\u00e7\u00e3o do concurso, recomenda leitura cuidadosa dos editais, \u201cpotencializando as trajet\u00f3rias profissionais e acad\u00eamicas dos candidatos\u201c.<\/strong><\/p>\n<p><strong>Em nota, a pasta destacou que a proposta \u00e9 democratizar o acesso aos quadros federais e permitir que candidatos alinhem suas voca\u00e7\u00f5es \u00e0s oportunidades oferecidas.<\/strong><\/p>\n","protected":false},"excerpt":{"rendered":"<p>As inscri\u00e7\u00f5es para o Concurso P\u00fablico Nacional Unificado come\u00e7am nesta sexta-feira (19) e seguem at\u00e9 o dia 9 de fevereiro. O certame vai selecionar, de uma s\u00f3 vez, 6.640 servidores para lota\u00e7\u00e3o em 21 \u00f3rg\u00e3os p\u00fablicos federais.\u00a0 As provas ser\u00e3o aplicadas no dia 5 de maio, em 220 cidades, distribu\u00eddas em todos os estados e [&hellip;]<\/p>\n","protected":false},"author":2,"featured_media":114751,"comment_status":"closed","ping_status":"open","sticky":false,"template":"","format":"standard","meta":{"footnotes":"","_links_to":"","_links_to_target":""},"categories":[1],"tags":[],"class_list":["post-114750","post","type-post","status-publish","format-standard","has-post-thumbnail","hentry","category-geral"],"views":636,"_links":{"self":[{"href":"https:\/\/www.sudoestehoje.com.br\/novoportal\/wp-json\/wp\/v2\/posts\/114750","targetHints":{"allow":["GET"]}}],"collection":[{"href":"https:\/\/www.sudoestehoje.com.br\/novoportal\/wp-json\/wp\/v2\/posts"}],"about":[{"href":"https:\/\/www.sudoestehoje.com.br\/novoportal\/wp-json\/wp\/v2\/types\/post"}],"author":[{"embeddable":true,"href":"https:\/\/www.sudoestehoje.com.br\/novoportal\/wp-json\/wp\/v2\/users\/2"}],"replies":[{"embeddable":true,"href":"https:\/\/www.sudoestehoje.com.br\/novoportal\/wp-json\/wp\/v2\/comments?post=114750"}],"version-history":[{"count":2,"href":"https:\/\/www.sudoestehoje.com.br\/novoportal\/wp-json\/wp\/v2\/posts\/114750\/revisions"}],"predecessor-version":[{"id":114753,"href":"https:\/\/www.sudoestehoje.com.br\/novoportal\/wp-json\/wp\/v2\/posts\/114750\/revisions\/114753"}],"wp:featuredmedia":[{"embeddable":true,"href":"https:\/\/www.sudoestehoje.com.br\/novoportal\/wp-json\/wp\/v2\/media\/114751"}],"wp:attachment":[{"href":"https:\/\/www.sudoestehoje.com.br\/novoportal\/wp-json\/wp\/v2\/media?parent=114750"}],"wp:term":[{"taxonomy":"category","embeddable":true,"href":"https:\/\/www.sudoestehoje.com.br\/novoportal\/wp-json\/wp\/v2\/categories?post=114750"},{"taxonomy":"post_tag","embeddable":true,"href":"https:\/\/www.sudoestehoje.com.br\/novoportal\/wp-json\/wp\/v2\/tags?post=114750"}],"curies":[{"name":"wp","href":"https:\/\/api.w.org\/{rel}","templated":true}]}}