
{"id":114745,"date":"2024-01-18T23:06:47","date_gmt":"2024-01-19T02:06:47","guid":{"rendered":"https:\/\/www.sudoestehoje.com.br\/novoportal\/?p=114745"},"modified":"2024-01-18T23:08:31","modified_gmt":"2024-01-19T02:08:31","slug":"114745","status":"publish","type":"post","link":"https:\/\/www.sudoestehoje.com.br\/novoportal\/2024\/01\/18\/114745\/","title":{"rendered":"CINCO PESSOAS DA MESMA FAM\u00cdLIA MORREM EM ACIDENTE DE CARRO NO INTERIOR DA BAHIA"},"content":{"rendered":"<p><img loading=\"lazy\" decoding=\"async\" class=\"alignnone wp-image-114746\" src=\"https:\/\/www.sudoestehoje.com.br\/novoportal\/wp-content\/uploads\/2024\/01\/Familia-morta-em-acidente-600x386.jpeg\" alt=\"\" width=\"549\" height=\"353\" srcset=\"https:\/\/www.sudoestehoje.com.br\/novoportal\/wp-content\/uploads\/2024\/01\/Familia-morta-em-acidente-600x386.jpeg 600w, https:\/\/www.sudoestehoje.com.br\/novoportal\/wp-content\/uploads\/2024\/01\/Familia-morta-em-acidente.jpeg 700w\" sizes=\"auto, (max-width: 549px) 100vw, 549px\" \/><\/p>\n<p><strong>Uma colis\u00e3o entre um carro de passeio e uma carreta resultou na morte de um casal, dois filhos e um sobrinho. As v\u00edtimas s\u00e3o Fl\u00e1vio Costa Silva, de 41 anos, a esposa dele, Eunice Ribeiro de Jesus Costa, 31 anos, os filhos do casal, \u00cdngrid Fl\u00e1via Ribeiro Costa, 10 anos, e Bernardo Fl\u00e1vio Ribeiro Costa, 8 anos. A quinta v\u00edtima do acidente foi Gabriel Pereira Silva Trevisolo, de 16 anos, primo das crian\u00e7as e sobrinho do casal.<\/strong><\/p>\n<p><strong>O acidente ocorreu na BR-116, na noite de quarta-feira (17), no munic\u00edpio de Milagres. A fam\u00edlia viajava de Jequi\u00e9 para Salvador. Fl\u00e1vio Costa era servidor p\u00fablico municipal.Ele era lotado na Secretaria de Desenvolvimento Social de Jequi\u00e9, no sudoeste da Bahia. A prefeitura divulgou nota lamentando a trag\u00e9dia e elogiando o trabalho do servidor p\u00fablico.<\/strong><\/p>\n","protected":false},"excerpt":{"rendered":"<p>Uma colis\u00e3o entre um carro de passeio e uma carreta resultou na morte de um casal, dois filhos e um sobrinho. As v\u00edtimas s\u00e3o Fl\u00e1vio Costa Silva, de 41 anos, a esposa dele, Eunice Ribeiro de Jesus Costa, 31 anos, os filhos do casal, \u00cdngrid Fl\u00e1via Ribeiro Costa, 10 anos, e Bernardo Fl\u00e1vio Ribeiro Costa, [&hellip;]<\/p>\n","protected":false},"author":2,"featured_media":114746,"comment_status":"closed","ping_status":"open","sticky":false,"template":"","format":"standard","meta":{"footnotes":"","_links_to":"","_links_to_target":""},"categories":[1],"tags":[],"class_list":["post-114745","post","type-post","status-publish","format-standard","has-post-thumbnail","hentry","category-geral"],"views":1469,"_links":{"self":[{"href":"https:\/\/www.sudoestehoje.com.br\/novoportal\/wp-json\/wp\/v2\/posts\/114745","targetHints":{"allow":["GET"]}}],"collection":[{"href":"https:\/\/www.sudoestehoje.com.br\/novoportal\/wp-json\/wp\/v2\/posts"}],"about":[{"href":"https:\/\/www.sudoestehoje.com.br\/novoportal\/wp-json\/wp\/v2\/types\/post"}],"author":[{"embeddable":true,"href":"https:\/\/www.sudoestehoje.com.br\/novoportal\/wp-json\/wp\/v2\/users\/2"}],"replies":[{"embeddable":true,"href":"https:\/\/www.sudoestehoje.com.br\/novoportal\/wp-json\/wp\/v2\/comments?post=114745"}],"version-history":[{"count":3,"href":"https:\/\/www.sudoestehoje.com.br\/novoportal\/wp-json\/wp\/v2\/posts\/114745\/revisions"}],"predecessor-version":[{"id":114749,"href":"https:\/\/www.sudoestehoje.com.br\/novoportal\/wp-json\/wp\/v2\/posts\/114745\/revisions\/114749"}],"wp:featuredmedia":[{"embeddable":true,"href":"https:\/\/www.sudoestehoje.com.br\/novoportal\/wp-json\/wp\/v2\/media\/114746"}],"wp:attachment":[{"href":"https:\/\/www.sudoestehoje.com.br\/novoportal\/wp-json\/wp\/v2\/media?parent=114745"}],"wp:term":[{"taxonomy":"category","embeddable":true,"href":"https:\/\/www.sudoestehoje.com.br\/novoportal\/wp-json\/wp\/v2\/categories?post=114745"},{"taxonomy":"post_tag","embeddable":true,"href":"https:\/\/www.sudoestehoje.com.br\/novoportal\/wp-json\/wp\/v2\/tags?post=114745"}],"curies":[{"name":"wp","href":"https:\/\/api.w.org\/{rel}","templated":true}]}}