
{"id":114736,"date":"2024-01-17T19:21:41","date_gmt":"2024-01-17T22:21:41","guid":{"rendered":"https:\/\/www.sudoestehoje.com.br\/novoportal\/?p=114736"},"modified":"2024-01-17T19:21:41","modified_gmt":"2024-01-17T22:21:41","slug":"fundacao-jose-silveira-celebra-aniversario-de-unidades-referenciadas","status":"publish","type":"post","link":"https:\/\/www.sudoestehoje.com.br\/novoportal\/2024\/01\/17\/fundacao-jose-silveira-celebra-aniversario-de-unidades-referenciadas\/","title":{"rendered":"FUNDA\u00c7\u00c3O JOS\u00c9 SILVEIRA CELEBRA ANIVERS\u00c1RIO DE UNIDADES REFERENCIADAS"},"content":{"rendered":"<p><img loading=\"lazy\" decoding=\"async\" class=\"alignnone  wp-image-114737\" src=\"https:\/\/www.sudoestehoje.com.br\/novoportal\/wp-content\/uploads\/2024\/01\/IMAGEM_NOTICIA_9-1-600x315.webp\" alt=\"\" width=\"550\" height=\"289\" srcset=\"https:\/\/www.sudoestehoje.com.br\/novoportal\/wp-content\/uploads\/2024\/01\/IMAGEM_NOTICIA_9-1-600x315.webp 600w, https:\/\/www.sudoestehoje.com.br\/novoportal\/wp-content\/uploads\/2024\/01\/IMAGEM_NOTICIA_9-1-700x368.webp 700w, https:\/\/www.sudoestehoje.com.br\/novoportal\/wp-content\/uploads\/2024\/01\/IMAGEM_NOTICIA_9-1-768x403.webp 768w, https:\/\/www.sudoestehoje.com.br\/novoportal\/wp-content\/uploads\/2024\/01\/IMAGEM_NOTICIA_9-1.webp 1200w\" sizes=\"auto, (max-width: 550px) 100vw, 550px\" \/><\/p>\n<p><strong>Considerada uma das mais atuantes institui\u00e7\u00f5es filantr\u00f3picas do Nordeste, a Funda\u00e7\u00e3o Jos\u00e9 Silveira oferece \u00e0 popula\u00e7\u00e3o baiana servi\u00e7o de assist\u00eancia \u00e0 sa\u00fade de excel\u00eancia. Nesta semana, duas das suas unidades fazem anivers\u00e1rio; o Instituto Bahiano de Reabilita\u00e7\u00e3o comemora 68 anos e o Hospital Santo Amaro completa 36 anos. Ambas s\u00e3o referenciadas em suas frentes de atua\u00e7\u00e3o, na Bahia, e compartilham o mesmo prop\u00f3sito de cuidar da sa\u00fade e melhorar a qualidade de vida das pessoas.<\/strong><\/p>\n<p><strong>O Instituto Bahiano de Reabilita\u00e7\u00e3o integra o N\u00facleo de Reabilita\u00e7\u00e3o da Funda\u00e7\u00e3o Jos\u00e9 Silveira, sendo a primeira institui\u00e7\u00e3o parceira do pa\u00eds a contar com a valida\u00e7\u00e3o dos seus protocolos de acompanhamento global pela AACD. <\/strong><\/p>\n<p><strong>O Hospital Santo Amaro, por sua vez, \u00e9 pioneiro em neonatologia e cuidado ao prematuro extremo na Bahia, sendo o \u00fanico hospital do Norte e Nordeste a possuir o Selo Integridade, al\u00e9m da certifica\u00e7\u00e3o ONA n\u00edvel 3, marcas de excel\u00eancia nas pr\u00e1ticas de governan\u00e7a corporativa, qualidade e seguran\u00e7a.<\/strong><\/p>\n","protected":false},"excerpt":{"rendered":"<p>Considerada uma das mais atuantes institui\u00e7\u00f5es filantr\u00f3picas do Nordeste, a Funda\u00e7\u00e3o Jos\u00e9 Silveira oferece \u00e0 popula\u00e7\u00e3o baiana servi\u00e7o de assist\u00eancia \u00e0 sa\u00fade de excel\u00eancia. Nesta semana, duas das suas unidades fazem anivers\u00e1rio; o Instituto Bahiano de Reabilita\u00e7\u00e3o comemora 68 anos e o Hospital Santo Amaro completa 36 anos. Ambas s\u00e3o referenciadas em suas frentes de [&hellip;]<\/p>\n","protected":false},"author":2,"featured_media":114737,"comment_status":"closed","ping_status":"open","sticky":false,"template":"","format":"standard","meta":{"footnotes":"","_links_to":"","_links_to_target":""},"categories":[1],"tags":[],"class_list":["post-114736","post","type-post","status-publish","format-standard","has-post-thumbnail","hentry","category-geral"],"views":522,"_links":{"self":[{"href":"https:\/\/www.sudoestehoje.com.br\/novoportal\/wp-json\/wp\/v2\/posts\/114736","targetHints":{"allow":["GET"]}}],"collection":[{"href":"https:\/\/www.sudoestehoje.com.br\/novoportal\/wp-json\/wp\/v2\/posts"}],"about":[{"href":"https:\/\/www.sudoestehoje.com.br\/novoportal\/wp-json\/wp\/v2\/types\/post"}],"author":[{"embeddable":true,"href":"https:\/\/www.sudoestehoje.com.br\/novoportal\/wp-json\/wp\/v2\/users\/2"}],"replies":[{"embeddable":true,"href":"https:\/\/www.sudoestehoje.com.br\/novoportal\/wp-json\/wp\/v2\/comments?post=114736"}],"version-history":[{"count":2,"href":"https:\/\/www.sudoestehoje.com.br\/novoportal\/wp-json\/wp\/v2\/posts\/114736\/revisions"}],"predecessor-version":[{"id":114739,"href":"https:\/\/www.sudoestehoje.com.br\/novoportal\/wp-json\/wp\/v2\/posts\/114736\/revisions\/114739"}],"wp:featuredmedia":[{"embeddable":true,"href":"https:\/\/www.sudoestehoje.com.br\/novoportal\/wp-json\/wp\/v2\/media\/114737"}],"wp:attachment":[{"href":"https:\/\/www.sudoestehoje.com.br\/novoportal\/wp-json\/wp\/v2\/media?parent=114736"}],"wp:term":[{"taxonomy":"category","embeddable":true,"href":"https:\/\/www.sudoestehoje.com.br\/novoportal\/wp-json\/wp\/v2\/categories?post=114736"},{"taxonomy":"post_tag","embeddable":true,"href":"https:\/\/www.sudoestehoje.com.br\/novoportal\/wp-json\/wp\/v2\/tags?post=114736"}],"curies":[{"name":"wp","href":"https:\/\/api.w.org\/{rel}","templated":true}]}}