
{"id":114729,"date":"2024-01-17T08:50:12","date_gmt":"2024-01-17T11:50:12","guid":{"rendered":"https:\/\/www.sudoestehoje.com.br\/novoportal\/?p=114729"},"modified":"2024-01-17T08:50:12","modified_gmt":"2024-01-17T11:50:12","slug":"eleicoes-municipais-prazo-para-filiacao-partidaria-vai-ate-6-de-abril","status":"publish","type":"post","link":"https:\/\/www.sudoestehoje.com.br\/novoportal\/2024\/01\/17\/eleicoes-municipais-prazo-para-filiacao-partidaria-vai-ate-6-de-abril\/","title":{"rendered":"ELEI\u00c7\u00d5ES MUNICIPAIS | PRAZO PARA FILIA\u00c7\u00c3O PARTID\u00c1RIA VAI AT\u00c9 6 DE ABRIL"},"content":{"rendered":"<p align=\"left\"><img loading=\"lazy\" decoding=\"async\" class=\"alignnone  wp-image-114731\" src=\"https:\/\/www.sudoestehoje.com.br\/novoportal\/wp-content\/uploads\/2024\/01\/d8fb013d-5fb1-40b1-808d-2d69697fbf01-1.jpeg\" alt=\"\" width=\"500\" height=\"261\" \/><\/p>\n<p align=\"left\"><strong>Quem pretende concorrer a uma vaga para vereador ou prefeito nas\u00a0Elei\u00e7\u00f5es Municipais de 2024\u00a0deve ficar atento aos prazos previstos em lei.<\/strong><\/p>\n<p align=\"left\"><strong>A interessada ou o interessado precisa estar filiado a um partido pol\u00edtico e com domic\u00edlio eleitoral estabelecido na circunscri\u00e7\u00e3o onde pretende disputar o pleito at\u00e9 a data-limite de\u00a06 de abril, ou seja, seis meses antes do dia da vota\u00e7\u00e3o, marcada para 6 de outubro, em primeiro turno.<\/strong><\/p>\n<p><strong>A filia\u00e7\u00e3o a uma agremia\u00e7\u00e3o partid\u00e1ria e o domic\u00edlio eleitoral s\u00e3o alguns dos requisitos previstos na\u00a0Constitui\u00e7\u00e3o Federal\u00a0para que a pessoa seja eleg\u00edvel. <\/strong><\/p>\n<p><strong>O artigo 14 da Carta Magna traz outras condi\u00e7\u00f5es de elegibilidade, como a nacionalidade brasileira, o pleno exerc\u00edcio dos direitos pol\u00edticos, o alistamento eleitoral, a idade m\u00ednima de 21 anos para se candidatar a prefeito ou a vice-prefeito, e a idade m\u00ednima de 18 anos para vereador.<\/strong><\/p>\n","protected":false},"excerpt":{"rendered":"<p>Quem pretende concorrer a uma vaga para vereador ou prefeito nas\u00a0Elei\u00e7\u00f5es Municipais de 2024\u00a0deve ficar atento aos prazos previstos em lei. A interessada ou o interessado precisa estar filiado a um partido pol\u00edtico e com domic\u00edlio eleitoral estabelecido na circunscri\u00e7\u00e3o onde pretende disputar o pleito at\u00e9 a data-limite de\u00a06 de abril, ou seja, seis meses [&hellip;]<\/p>\n","protected":false},"author":2,"featured_media":114731,"comment_status":"closed","ping_status":"open","sticky":false,"template":"","format":"standard","meta":{"footnotes":"","_links_to":"","_links_to_target":""},"categories":[1],"tags":[],"class_list":["post-114729","post","type-post","status-publish","format-standard","has-post-thumbnail","hentry","category-geral"],"views":575,"_links":{"self":[{"href":"https:\/\/www.sudoestehoje.com.br\/novoportal\/wp-json\/wp\/v2\/posts\/114729","targetHints":{"allow":["GET"]}}],"collection":[{"href":"https:\/\/www.sudoestehoje.com.br\/novoportal\/wp-json\/wp\/v2\/posts"}],"about":[{"href":"https:\/\/www.sudoestehoje.com.br\/novoportal\/wp-json\/wp\/v2\/types\/post"}],"author":[{"embeddable":true,"href":"https:\/\/www.sudoestehoje.com.br\/novoportal\/wp-json\/wp\/v2\/users\/2"}],"replies":[{"embeddable":true,"href":"https:\/\/www.sudoestehoje.com.br\/novoportal\/wp-json\/wp\/v2\/comments?post=114729"}],"version-history":[{"count":2,"href":"https:\/\/www.sudoestehoje.com.br\/novoportal\/wp-json\/wp\/v2\/posts\/114729\/revisions"}],"predecessor-version":[{"id":114733,"href":"https:\/\/www.sudoestehoje.com.br\/novoportal\/wp-json\/wp\/v2\/posts\/114729\/revisions\/114733"}],"wp:featuredmedia":[{"embeddable":true,"href":"https:\/\/www.sudoestehoje.com.br\/novoportal\/wp-json\/wp\/v2\/media\/114731"}],"wp:attachment":[{"href":"https:\/\/www.sudoestehoje.com.br\/novoportal\/wp-json\/wp\/v2\/media?parent=114729"}],"wp:term":[{"taxonomy":"category","embeddable":true,"href":"https:\/\/www.sudoestehoje.com.br\/novoportal\/wp-json\/wp\/v2\/categories?post=114729"},{"taxonomy":"post_tag","embeddable":true,"href":"https:\/\/www.sudoestehoje.com.br\/novoportal\/wp-json\/wp\/v2\/tags?post=114729"}],"curies":[{"name":"wp","href":"https:\/\/api.w.org\/{rel}","templated":true}]}}