
{"id":114719,"date":"2024-01-16T10:07:04","date_gmt":"2024-01-16T13:07:04","guid":{"rendered":"https:\/\/www.sudoestehoje.com.br\/novoportal\/?p=114719"},"modified":"2024-01-16T10:16:28","modified_gmt":"2024-01-16T13:16:28","slug":"as-novas-quentinhas-do-sudoeste-hoje-2","status":"publish","type":"post","link":"https:\/\/www.sudoestehoje.com.br\/novoportal\/2024\/01\/16\/as-novas-quentinhas-do-sudoeste-hoje-2\/","title":{"rendered":"AS NOVAS QUENTINHAS DO SUDOESTE HOJE"},"content":{"rendered":"<p><img loading=\"lazy\" decoding=\"async\" class=\"alignnone wp-image-114721\" src=\"https:\/\/www.sudoestehoje.com.br\/novoportal\/wp-content\/uploads\/2024\/01\/b087fbc9-7971-44c9-b854-e0a5545b1623.jpg\" alt=\"\" width=\"534\" height=\"335\" \/><\/p>\n<p><strong>A DURA LUTA PELA SOBREVIV\u00caNCIA POL\u00cdTICA<\/strong><\/p>\n<p><strong>O ano de 2024 come\u00e7a com um &#8216;choque de realidade&#8217; para alguns pol\u00edticos locais que ainda andam com a vida &#8216;desarrumada&#8217;, em termos partid\u00e1rios. Na oposi\u00e7\u00e3o, os vereadores Tiquinho e Valdeir procuram desesperadamente um partido da base do governo estadual que os aceite. PSD e PT, n\u00e3o querem nem saber dos aloprados, por raz\u00f5es \u00f3bvias: querem a cobi\u00e7ada vice na prov\u00e1vel chapa governista encabe\u00e7ada por Cida Moura, atropelando todo o processo. Como dizia minha av\u00f3, &#8220;tu nem \u00e9 gato e j\u00e1 t\u00e1 querendo ser pintado&#8230;&#8221;.<\/strong><\/p>\n<p><strong>A DIF\u00cdCIL COSTURA NO PSD DE ALFREDO<\/strong><\/p>\n<p><strong>Soberano no comando do PSD, at\u00e9 agora, o ex-vereador Alfredo Cabral pode ser chamado, a qualquer hora, para uma conversa s\u00e9ria com a c\u00fapula estadual do partido, visando viabilizar a filia\u00e7\u00e3o e candidatura de Cida Moura pelo partido. Al\u00e9m de ser pr\u00e9-candidato a prefeito, Alfredo goza de enorme prest\u00edgio com o senador Otto Alencar, sem falar da for\u00e7a pol\u00edtica do seu filho Marcos Galv\u00e3o (PSD), prefeito de Ibicu\u00ed. Ser\u00e1 que Alfredo vai abrir para a fam\u00edlia Moura? S\u00f3 para lembrar, Cida Moura \u00e9 assessora parlamentar do deputado federal Ottinho, filho do senador Otto. A\u00ed complica&#8230;<\/strong><\/p>\n<p><strong>VEREADORES DA BASE NA SAIA JUSTA<\/strong><\/p>\n<p><strong>Durante a campanha eleitoral de 2022, um grupo de vereadores da base do prefeito Rodrigo Hagge fechou apoio ao deputado federal Ant\u00f4nio Brito (PSD), na \u00e9poca aliado do prefeito. Com o rompimento pol\u00edtico entre Brito e Rodrigo, os ventos mudaram de rumo, com o deputado federal sinalizando apoio \u00e0 candidatura de Cida Moura, opositora do prefeito. E agora, como ficam os nobres edis? Me contem a\u00ed&#8230;<\/strong><\/p>\n<p><strong>PT DE ITAPETINGA T\u00c1 DESARRUMADO<\/strong><\/p>\n<p><strong>Sem nomes de peso para concorrer ao cargo de prefeito, o inexpressivo PT de Itapetinga continua &#8216;mais fraco que caf\u00e9 com farinha&#8217;. Tem uma vereadora, que se bobear, n\u00e3o reelege. Dentro do grupo dos petistas hist\u00f3ricos, existe a possibilidade de dissid\u00eancias para outras agremia\u00e7\u00f5es da base do governo estadual, desidratando, ainda mais, a desgastada legenda. Um eterno candidato a vereador do partido, que bateu na trave em 2016 e 2020, me disse sem cerim\u00f4nia que deve sair do partido em mar\u00e7o, para n\u00e3o &#8220;servir de escada&#8221; para a reelei\u00e7\u00e3o da vereadora Sibele Nery, a &#8216;preferida&#8217; do deputado Rosemberg. Cobra equidade na distribui\u00e7\u00e3o dos recursos da campanha. Ele o outros&#8230;\u00a0\u00a0<\/strong><\/p>\n<p><strong>REFORMA ADMINISTRATIVA EM ABRIL<\/strong><\/p>\n<p><strong>Com o retorno \u00e0 C\u00e2mara dos vereadores que ocupam secretarias no municipal, a partir de abril, uma mini reforma administrativa ter\u00e1 que ser implementada pelo prefeito Rodrigo Hagge, envolvendo as secretarias de Educa\u00e7\u00e3o, Desenvolvimento Social e Comutran. Voltam \u00e0 c\u00e2mara os vereadores Luciano Almeida (MDB), Manu Brand\u00e3o (MDB) e Neto Ferraz (ex-PSC). Nem me perguntem quem entra nessas vagas, porque n\u00e3o sei, mas creio que o prefeito Rodrigo j\u00e1 tem alguma ideia&#8230;<\/strong><\/p>\n<p><strong>PREFER\u00caNCIA POR EDUARDO HAGGE \u00c9 EVIDENTE<\/strong><\/p>\n<p><strong>Pr\u00e9-candidato pelo MDB, o veterin\u00e1rio Eduardo Hagge j\u00e1 consolidou a prefer\u00eancia da base emedebista e outros setores pol\u00edticos importantes no munic\u00edpio. Navega de vento em popa, inviabilizando outros navegantes que nem sa\u00edram do porto. A hora \u00e9 de reflex\u00e3o e avalia\u00e7\u00e3o de possibilidades, para evitar &#8216;decep\u00e7\u00f5es&#8217;. T\u00f4 s\u00f3 lembrando&#8230;<\/strong><\/p>\n<p><strong>Por Davi Ferraz<\/strong><\/p>\n","protected":false},"excerpt":{"rendered":"<p>A DURA LUTA PELA SOBREVIV\u00caNCIA POL\u00cdTICA O ano de 2024 come\u00e7a com um &#8216;choque de realidade&#8217; para alguns pol\u00edticos locais que ainda andam com a vida &#8216;desarrumada&#8217;, em termos partid\u00e1rios. Na oposi\u00e7\u00e3o, os vereadores Tiquinho e Valdeir procuram desesperadamente um partido da base do governo estadual que os aceite. PSD e PT, n\u00e3o querem nem [&hellip;]<\/p>\n","protected":false},"author":2,"featured_media":114721,"comment_status":"closed","ping_status":"open","sticky":false,"template":"","format":"standard","meta":{"footnotes":"","_links_to":"","_links_to_target":""},"categories":[1],"tags":[],"class_list":["post-114719","post","type-post","status-publish","format-standard","has-post-thumbnail","hentry","category-geral"],"views":1301,"_links":{"self":[{"href":"https:\/\/www.sudoestehoje.com.br\/novoportal\/wp-json\/wp\/v2\/posts\/114719","targetHints":{"allow":["GET"]}}],"collection":[{"href":"https:\/\/www.sudoestehoje.com.br\/novoportal\/wp-json\/wp\/v2\/posts"}],"about":[{"href":"https:\/\/www.sudoestehoje.com.br\/novoportal\/wp-json\/wp\/v2\/types\/post"}],"author":[{"embeddable":true,"href":"https:\/\/www.sudoestehoje.com.br\/novoportal\/wp-json\/wp\/v2\/users\/2"}],"replies":[{"embeddable":true,"href":"https:\/\/www.sudoestehoje.com.br\/novoportal\/wp-json\/wp\/v2\/comments?post=114719"}],"version-history":[{"count":4,"href":"https:\/\/www.sudoestehoje.com.br\/novoportal\/wp-json\/wp\/v2\/posts\/114719\/revisions"}],"predecessor-version":[{"id":114724,"href":"https:\/\/www.sudoestehoje.com.br\/novoportal\/wp-json\/wp\/v2\/posts\/114719\/revisions\/114724"}],"wp:featuredmedia":[{"embeddable":true,"href":"https:\/\/www.sudoestehoje.com.br\/novoportal\/wp-json\/wp\/v2\/media\/114721"}],"wp:attachment":[{"href":"https:\/\/www.sudoestehoje.com.br\/novoportal\/wp-json\/wp\/v2\/media?parent=114719"}],"wp:term":[{"taxonomy":"category","embeddable":true,"href":"https:\/\/www.sudoestehoje.com.br\/novoportal\/wp-json\/wp\/v2\/categories?post=114719"},{"taxonomy":"post_tag","embeddable":true,"href":"https:\/\/www.sudoestehoje.com.br\/novoportal\/wp-json\/wp\/v2\/tags?post=114719"}],"curies":[{"name":"wp","href":"https:\/\/api.w.org\/{rel}","templated":true}]}}