
{"id":114694,"date":"2024-01-13T23:35:17","date_gmt":"2024-01-14T02:35:17","guid":{"rendered":"https:\/\/www.sudoestehoje.com.br\/novoportal\/?p=114694"},"modified":"2024-01-13T23:35:17","modified_gmt":"2024-01-14T02:35:17","slug":"preso-por-suspeita-de-trafico-de-drogas-vice-prefeito-de-itape-tem-prisao-provisoria-convertida-em-preventiva","status":"publish","type":"post","link":"https:\/\/www.sudoestehoje.com.br\/novoportal\/2024\/01\/13\/preso-por-suspeita-de-trafico-de-drogas-vice-prefeito-de-itape-tem-prisao-provisoria-convertida-em-preventiva\/","title":{"rendered":"PRESO POR SUSPEITA DE TR\u00c1FICO DE DROGAS, VICE-PREFEITO DE ITAP\u00c9 TEM PRIS\u00c3O PROVIS\u00d3RIA CONVERTIDA EM PREVENTIVA"},"content":{"rendered":"<p dir=\"ltr\"><img loading=\"lazy\" decoding=\"async\" class=\"alignnone  wp-image-114696\" src=\"https:\/\/www.sudoestehoje.com.br\/novoportal\/wp-content\/uploads\/2024\/01\/IMAGEM_NOTICIA_9-600x315.webp\" alt=\"\" width=\"549\" height=\"288\" srcset=\"https:\/\/www.sudoestehoje.com.br\/novoportal\/wp-content\/uploads\/2024\/01\/IMAGEM_NOTICIA_9-600x315.webp 600w, https:\/\/www.sudoestehoje.com.br\/novoportal\/wp-content\/uploads\/2024\/01\/IMAGEM_NOTICIA_9-700x368.webp 700w, https:\/\/www.sudoestehoje.com.br\/novoportal\/wp-content\/uploads\/2024\/01\/IMAGEM_NOTICIA_9-768x403.webp 768w, https:\/\/www.sudoestehoje.com.br\/novoportal\/wp-content\/uploads\/2024\/01\/IMAGEM_NOTICIA_9.webp 1200w\" sizes=\"auto, (max-width: 549px) 100vw, 549px\" \/><\/p>\n<p dir=\"ltr\"><strong>Acolhendo parecer do Minist\u00e9rio P\u00fablico da Bahia (MP-BA), o juiz Carlos Alberto Silva Junior determinou a convers\u00e3o da pris\u00e3o em flagrante (tempor\u00e1ria) para pris\u00e3o preventiva do vice-prefeito de\u00a0<a href=\"http:\/\/bahianoticias.com.br\/tags\/itape\">Itap\u00e9<\/a>, no sul baiano, Andr\u00e9 Jatob\u00e1 (Uni\u00e3o Brasil).\u00a0<a href=\"https:\/\/www.bahianoticias.com.br\/municipios\/noticia\/37636-vice-prefeito-do-sul-baiano-e-preso-em-itabuna-acusado-responde-por-trafico-de-drogas\">O pol\u00edtico foi preso nesta sexta-feira (12) por porte ilegal de armas e tr\u00e1fico de drogas, ap\u00f3s um mandado de busca e apreens\u00e3o em seu apartamento.<\/a><\/strong><\/p>\n<p dir=\"ltr\"><strong>Na decis\u00e3o, publicada neste s\u00e1bado (13) durante o plant\u00e3o judici\u00e1rio, o juiz indica que a quantidade de entorpecentes encontrada na resid\u00eancia de Andr\u00e9 Jatob\u00e1 \u201crevela que h\u00e1 forte probabilidade de se tratar de droga destinada \u00e0 comercializa\u00e7\u00e3o\u201d.\u00a0<\/strong><\/p>\n<p dir=\"ltr\"><strong>O magistrado destaca que os crimes imputados ao vice-prefeito possuem pena m\u00e1xima superior a quatro anos, sendo cab\u00edvel a pris\u00e3o preventiva como prev\u00ea o C\u00f3digo de Processo Penal.<\/strong><\/p>\n","protected":false},"excerpt":{"rendered":"<p>Acolhendo parecer do Minist\u00e9rio P\u00fablico da Bahia (MP-BA), o juiz Carlos Alberto Silva Junior determinou a convers\u00e3o da pris\u00e3o em flagrante (tempor\u00e1ria) para pris\u00e3o preventiva do vice-prefeito de\u00a0Itap\u00e9, no sul baiano, Andr\u00e9 Jatob\u00e1 (Uni\u00e3o Brasil).\u00a0O pol\u00edtico foi preso nesta sexta-feira (12) por porte ilegal de armas e tr\u00e1fico de drogas, ap\u00f3s um mandado de busca [&hellip;]<\/p>\n","protected":false},"author":2,"featured_media":114696,"comment_status":"closed","ping_status":"open","sticky":false,"template":"","format":"standard","meta":{"footnotes":"","_links_to":"","_links_to_target":""},"categories":[1],"tags":[],"class_list":["post-114694","post","type-post","status-publish","format-standard","has-post-thumbnail","hentry","category-geral"],"views":703,"_links":{"self":[{"href":"https:\/\/www.sudoestehoje.com.br\/novoportal\/wp-json\/wp\/v2\/posts\/114694","targetHints":{"allow":["GET"]}}],"collection":[{"href":"https:\/\/www.sudoestehoje.com.br\/novoportal\/wp-json\/wp\/v2\/posts"}],"about":[{"href":"https:\/\/www.sudoestehoje.com.br\/novoportal\/wp-json\/wp\/v2\/types\/post"}],"author":[{"embeddable":true,"href":"https:\/\/www.sudoestehoje.com.br\/novoportal\/wp-json\/wp\/v2\/users\/2"}],"replies":[{"embeddable":true,"href":"https:\/\/www.sudoestehoje.com.br\/novoportal\/wp-json\/wp\/v2\/comments?post=114694"}],"version-history":[{"count":3,"href":"https:\/\/www.sudoestehoje.com.br\/novoportal\/wp-json\/wp\/v2\/posts\/114694\/revisions"}],"predecessor-version":[{"id":114698,"href":"https:\/\/www.sudoestehoje.com.br\/novoportal\/wp-json\/wp\/v2\/posts\/114694\/revisions\/114698"}],"wp:featuredmedia":[{"embeddable":true,"href":"https:\/\/www.sudoestehoje.com.br\/novoportal\/wp-json\/wp\/v2\/media\/114696"}],"wp:attachment":[{"href":"https:\/\/www.sudoestehoje.com.br\/novoportal\/wp-json\/wp\/v2\/media?parent=114694"}],"wp:term":[{"taxonomy":"category","embeddable":true,"href":"https:\/\/www.sudoestehoje.com.br\/novoportal\/wp-json\/wp\/v2\/categories?post=114694"},{"taxonomy":"post_tag","embeddable":true,"href":"https:\/\/www.sudoestehoje.com.br\/novoportal\/wp-json\/wp\/v2\/tags?post=114694"}],"curies":[{"name":"wp","href":"https:\/\/api.w.org\/{rel}","templated":true}]}}