
{"id":114689,"date":"2024-01-12T12:00:06","date_gmt":"2024-01-12T15:00:06","guid":{"rendered":"https:\/\/www.sudoestehoje.com.br\/novoportal\/?p=114689"},"modified":"2024-01-12T12:00:06","modified_gmt":"2024-01-12T15:00:06","slug":"bahia-violenta-salvador-registra-144-tiroteios-durante-o-mes-de-dezembro","status":"publish","type":"post","link":"https:\/\/www.sudoestehoje.com.br\/novoportal\/2024\/01\/12\/bahia-violenta-salvador-registra-144-tiroteios-durante-o-mes-de-dezembro\/","title":{"rendered":"BAHIA VIOLENTA | SALVADOR REGISTRA 144 TIROTEIOS DURANTE O M\u00caS DE DEZEMBRO"},"content":{"rendered":"<p><img loading=\"lazy\" decoding=\"async\" class=\"alignnone  wp-image-114692\" src=\"https:\/\/www.sudoestehoje.com.br\/novoportal\/wp-content\/uploads\/2024\/01\/mi_5798046872325193.jpg\" alt=\"\" width=\"549\" height=\"344\" \/><\/p>\n<p><strong>No \u00faltimo m\u00eas de dezembro, os n\u00fameros de viol\u00eancia aumentaram em Salvador. Segundo os dados do relat\u00f3rio mensal do Instituto Fogo Cruzado, foram registrados 144 tiroteios, que resultaram na morte de 117 pessoas e deixaram outras\u00a027 feridas durante dezembro, na capital baiana.<\/strong><\/p>\n<p><strong>Os n\u00fameros do relat\u00f3rio mostram que, do total de tiroteios registrados, 66 foram durante a\u00e7\u00f5es e opera\u00e7\u00f5es policiais; tr\u00eas aconteceram em meio a disputas entre grupos armados e 12 em meio a persegui\u00e7\u00f5es.<\/strong><\/p>\n<p><strong>Em rela\u00e7\u00e3o com dezembro de 2022, dezembro de 2023 teve um crescimento de 31% no n\u00famero de tiroteios. Em dezembro de 2022 foram contabilizados 110 tiroteios em toda Salvador e regi\u00e3o metropolitana.<\/strong><\/p>\n<p><strong>Em compara\u00e7\u00e3o a novembro de 2023, quando foram registrados 141 tiroteios, o n\u00famero apresentou um aumento de 2%. Dos 117 mortos, 110 eram homens e sete eram mulheres. Entre os 27 feridos, 23 eram homens e quatro eram mulheres. \/\/Correio<\/strong><\/p>\n","protected":false},"excerpt":{"rendered":"<p>No \u00faltimo m\u00eas de dezembro, os n\u00fameros de viol\u00eancia aumentaram em Salvador. Segundo os dados do relat\u00f3rio mensal do Instituto Fogo Cruzado, foram registrados 144 tiroteios, que resultaram na morte de 117 pessoas e deixaram outras\u00a027 feridas durante dezembro, na capital baiana. Os n\u00fameros do relat\u00f3rio mostram que, do total de tiroteios registrados, 66 foram [&hellip;]<\/p>\n","protected":false},"author":2,"featured_media":114692,"comment_status":"closed","ping_status":"open","sticky":false,"template":"","format":"standard","meta":{"footnotes":"","_links_to":"","_links_to_target":""},"categories":[1],"tags":[],"class_list":["post-114689","post","type-post","status-publish","format-standard","has-post-thumbnail","hentry","category-geral"],"views":867,"_links":{"self":[{"href":"https:\/\/www.sudoestehoje.com.br\/novoportal\/wp-json\/wp\/v2\/posts\/114689","targetHints":{"allow":["GET"]}}],"collection":[{"href":"https:\/\/www.sudoestehoje.com.br\/novoportal\/wp-json\/wp\/v2\/posts"}],"about":[{"href":"https:\/\/www.sudoestehoje.com.br\/novoportal\/wp-json\/wp\/v2\/types\/post"}],"author":[{"embeddable":true,"href":"https:\/\/www.sudoestehoje.com.br\/novoportal\/wp-json\/wp\/v2\/users\/2"}],"replies":[{"embeddable":true,"href":"https:\/\/www.sudoestehoje.com.br\/novoportal\/wp-json\/wp\/v2\/comments?post=114689"}],"version-history":[{"count":3,"href":"https:\/\/www.sudoestehoje.com.br\/novoportal\/wp-json\/wp\/v2\/posts\/114689\/revisions"}],"predecessor-version":[{"id":114693,"href":"https:\/\/www.sudoestehoje.com.br\/novoportal\/wp-json\/wp\/v2\/posts\/114689\/revisions\/114693"}],"wp:featuredmedia":[{"embeddable":true,"href":"https:\/\/www.sudoestehoje.com.br\/novoportal\/wp-json\/wp\/v2\/media\/114692"}],"wp:attachment":[{"href":"https:\/\/www.sudoestehoje.com.br\/novoportal\/wp-json\/wp\/v2\/media?parent=114689"}],"wp:term":[{"taxonomy":"category","embeddable":true,"href":"https:\/\/www.sudoestehoje.com.br\/novoportal\/wp-json\/wp\/v2\/categories?post=114689"},{"taxonomy":"post_tag","embeddable":true,"href":"https:\/\/www.sudoestehoje.com.br\/novoportal\/wp-json\/wp\/v2\/tags?post=114689"}],"curies":[{"name":"wp","href":"https:\/\/api.w.org\/{rel}","templated":true}]}}