
{"id":114685,"date":"2024-01-12T11:30:24","date_gmt":"2024-01-12T14:30:24","guid":{"rendered":"https:\/\/www.sudoestehoje.com.br\/novoportal\/?p=114685"},"modified":"2024-01-12T11:30:24","modified_gmt":"2024-01-12T14:30:24","slug":"ilheus-urgente-policial-militar-e-principal-suspeito-de-matar-mulher-em-posto-de-combustivel","status":"publish","type":"post","link":"https:\/\/www.sudoestehoje.com.br\/novoportal\/2024\/01\/12\/ilheus-urgente-policial-militar-e-principal-suspeito-de-matar-mulher-em-posto-de-combustivel\/","title":{"rendered":"ILH\u00c9US URGENTE! POLICIAL MILITAR \u00c9 PRINCIPAL SUSPEITO DE MATAR MULHER EM POSTO DE COMBUST\u00cdVEL"},"content":{"rendered":"<p><img loading=\"lazy\" decoding=\"async\" class=\"alignnone  wp-image-114687\" src=\"https:\/\/www.sudoestehoje.com.br\/novoportal\/wp-content\/uploads\/2024\/01\/IMG_3839.jpeg\" alt=\"\" width=\"550\" height=\"401\" \/><\/p>\n<p class=\"p3\"><strong><span class=\"s2\">A pol\u00edcia judici\u00e1ria identificou o suspeito de matar Fernanda dos Santos Ferreira, de 23 anos de idade, na madrugada da \u00faltima quinta-feira (11) em um posto de gasolina no regi\u00e3o central de Ilh\u00e9us.<\/span><\/strong><\/p>\n<p class=\"p3\"><strong><span class=\"s2\">De acordo com as informa\u00e7\u00f5es das autoridades, trata-se do Policial Militar Jo\u00e3o Wagner Madureira, apelidado de Cenoura, lotado na 69\u00aa CIPM\/Zona Sul.<\/span><\/strong><\/p>\n<p class=\"p3\"><strong><span class=\"s2\">Imagens de c\u00e2meras de seguran\u00e7a registraram o momento, flagrando o PM chegando no posto de combust\u00edvel em um carro, modelo P\u00e1lio Attractiv, com licen\u00e7a de Salvador, indo em dire\u00e7\u00e3o a v\u00edtima, iniciando uma discuss\u00e3o intensa.<\/span><\/strong><\/p>\n<p class=\"p3\"><strong><span class=\"s2\">Em determinado momento, o policial saca a pistola, persegue e agride a mulher, deflagrando v\u00e1rios tiros um deles atingindo a cabe\u00e7a. Ela morreu minutos depois na emerg\u00eancia do Hospital Regional Costa do Cacau.<\/span><\/strong><\/p>\n<p class=\"p3\"><strong><span class=\"s2\">O corpo de Fernanda vai passar por necr\u00f3psia na manh\u00e3 desta sexta-feira (12) e, de acordo com a fam\u00edlia, n\u00e3o haver\u00e1 vel\u00f3rio e o corpo ir\u00e1 direto para o cemit\u00e9rio do Bas\u00edlio, onde ser\u00e1 sepultado.<\/span><\/strong><\/p>\n","protected":false},"excerpt":{"rendered":"<p>A pol\u00edcia judici\u00e1ria identificou o suspeito de matar Fernanda dos Santos Ferreira, de 23 anos de idade, na madrugada da \u00faltima quinta-feira (11) em um posto de gasolina no regi\u00e3o central de Ilh\u00e9us. De acordo com as informa\u00e7\u00f5es das autoridades, trata-se do Policial Militar Jo\u00e3o Wagner Madureira, apelidado de Cenoura, lotado na 69\u00aa CIPM\/Zona Sul. [&hellip;]<\/p>\n","protected":false},"author":2,"featured_media":114687,"comment_status":"closed","ping_status":"open","sticky":false,"template":"","format":"standard","meta":{"footnotes":"","_links_to":"","_links_to_target":""},"categories":[1],"tags":[],"class_list":["post-114685","post","type-post","status-publish","format-standard","has-post-thumbnail","hentry","category-geral"],"views":2043,"_links":{"self":[{"href":"https:\/\/www.sudoestehoje.com.br\/novoportal\/wp-json\/wp\/v2\/posts\/114685","targetHints":{"allow":["GET"]}}],"collection":[{"href":"https:\/\/www.sudoestehoje.com.br\/novoportal\/wp-json\/wp\/v2\/posts"}],"about":[{"href":"https:\/\/www.sudoestehoje.com.br\/novoportal\/wp-json\/wp\/v2\/types\/post"}],"author":[{"embeddable":true,"href":"https:\/\/www.sudoestehoje.com.br\/novoportal\/wp-json\/wp\/v2\/users\/2"}],"replies":[{"embeddable":true,"href":"https:\/\/www.sudoestehoje.com.br\/novoportal\/wp-json\/wp\/v2\/comments?post=114685"}],"version-history":[{"count":2,"href":"https:\/\/www.sudoestehoje.com.br\/novoportal\/wp-json\/wp\/v2\/posts\/114685\/revisions"}],"predecessor-version":[{"id":114688,"href":"https:\/\/www.sudoestehoje.com.br\/novoportal\/wp-json\/wp\/v2\/posts\/114685\/revisions\/114688"}],"wp:featuredmedia":[{"embeddable":true,"href":"https:\/\/www.sudoestehoje.com.br\/novoportal\/wp-json\/wp\/v2\/media\/114687"}],"wp:attachment":[{"href":"https:\/\/www.sudoestehoje.com.br\/novoportal\/wp-json\/wp\/v2\/media?parent=114685"}],"wp:term":[{"taxonomy":"category","embeddable":true,"href":"https:\/\/www.sudoestehoje.com.br\/novoportal\/wp-json\/wp\/v2\/categories?post=114685"},{"taxonomy":"post_tag","embeddable":true,"href":"https:\/\/www.sudoestehoje.com.br\/novoportal\/wp-json\/wp\/v2\/tags?post=114685"}],"curies":[{"name":"wp","href":"https:\/\/api.w.org\/{rel}","templated":true}]}}