
{"id":114681,"date":"2024-01-12T09:18:16","date_gmt":"2024-01-12T12:18:16","guid":{"rendered":"https:\/\/www.sudoestehoje.com.br\/novoportal\/?p=114681"},"modified":"2024-01-12T09:18:16","modified_gmt":"2024-01-12T12:18:16","slug":"itabuna-itapetinguense-fred-verper-lanca-pre-candidatura-a-prefeito-pelo-pp","status":"publish","type":"post","link":"https:\/\/www.sudoestehoje.com.br\/novoportal\/2024\/01\/12\/itabuna-itapetinguense-fred-verper-lanca-pre-candidatura-a-prefeito-pelo-pp\/","title":{"rendered":"ITABUNA | ITAPETINGUENSE FRED VERPER LAN\u00c7A PR\u00c9-CANDIDATURA A PREFEITO PELO PP"},"content":{"rendered":"<p><img loading=\"lazy\" decoding=\"async\" class=\"alignnone  wp-image-114683\" src=\"https:\/\/www.sudoestehoje.com.br\/novoportal\/wp-content\/uploads\/2024\/01\/e9c7b8393466952a-600x314.webp\" alt=\"\" width=\"550\" height=\"288\" srcset=\"https:\/\/www.sudoestehoje.com.br\/novoportal\/wp-content\/uploads\/2024\/01\/e9c7b8393466952a-600x314.webp 600w, https:\/\/www.sudoestehoje.com.br\/novoportal\/wp-content\/uploads\/2024\/01\/e9c7b8393466952a-700x366.webp 700w, https:\/\/www.sudoestehoje.com.br\/novoportal\/wp-content\/uploads\/2024\/01\/e9c7b8393466952a-768x402.webp 768w, https:\/\/www.sudoestehoje.com.br\/novoportal\/wp-content\/uploads\/2024\/01\/e9c7b8393466952a.webp 1200w\" sizes=\"auto, (max-width: 550px) 100vw, 550px\" \/><\/p>\n<p><strong>O empres\u00e1rio Frederico Vesper recentemente estabeleceu resid\u00eancia em Itabuna e oficializou sua filia\u00e7\u00e3o ao PP. Ele expressou seu interesse em concorrer como pr\u00e9-candidato a prefeito pelo partido, destacando a import\u00e2ncia de um diagn\u00f3stico minucioso da cidade.<\/strong><\/p>\n<p><strong>\u201cEstamos realizando uma an\u00e1lise profunda da realidade municipal e colocamos nosso nome \u00e0 disposi\u00e7\u00e3o como pr\u00e9-candidato a prefeito. Mantenho uma forte esperan\u00e7a e em breve teremos novidades para compartilhar\u201d, afirmou.<\/strong><\/p>\n<p><strong>Frederico Vesper \u00e9 reconhecido como empres\u00e1rio e possui experi\u00eancia nos bastidores da pol\u00edtica, tendo desempenhado fun\u00e7\u00f5es como secret\u00e1rio na prefeitura de Ilh\u00e9us e diretor em institui\u00e7\u00e3o prisional.<\/strong><\/p>\n<p><strong>Natural de Itapetinga e radicado no eixo Itabuna Ilh\u00e9us, Fred \u00e9 neto da saudosa professora Rosalina Vesper e filho do advogado Arisval Vesper, ex-diretor da Escola T\u00e9cnica EMARC-IT, atual IF Baiano. <em>\/\/Informa\u00e7\u00f5es do Pol\u00edticos do Sul da Bahia.<\/em><\/strong><\/p>\n","protected":false},"excerpt":{"rendered":"<p>O empres\u00e1rio Frederico Vesper recentemente estabeleceu resid\u00eancia em Itabuna e oficializou sua filia\u00e7\u00e3o ao PP. Ele expressou seu interesse em concorrer como pr\u00e9-candidato a prefeito pelo partido, destacando a import\u00e2ncia de um diagn\u00f3stico minucioso da cidade. \u201cEstamos realizando uma an\u00e1lise profunda da realidade municipal e colocamos nosso nome \u00e0 disposi\u00e7\u00e3o como pr\u00e9-candidato a prefeito. Mantenho [&hellip;]<\/p>\n","protected":false},"author":2,"featured_media":114683,"comment_status":"closed","ping_status":"open","sticky":false,"template":"","format":"standard","meta":{"footnotes":"","_links_to":"","_links_to_target":""},"categories":[1],"tags":[],"class_list":["post-114681","post","type-post","status-publish","format-standard","has-post-thumbnail","hentry","category-geral"],"views":880,"_links":{"self":[{"href":"https:\/\/www.sudoestehoje.com.br\/novoportal\/wp-json\/wp\/v2\/posts\/114681","targetHints":{"allow":["GET"]}}],"collection":[{"href":"https:\/\/www.sudoestehoje.com.br\/novoportal\/wp-json\/wp\/v2\/posts"}],"about":[{"href":"https:\/\/www.sudoestehoje.com.br\/novoportal\/wp-json\/wp\/v2\/types\/post"}],"author":[{"embeddable":true,"href":"https:\/\/www.sudoestehoje.com.br\/novoportal\/wp-json\/wp\/v2\/users\/2"}],"replies":[{"embeddable":true,"href":"https:\/\/www.sudoestehoje.com.br\/novoportal\/wp-json\/wp\/v2\/comments?post=114681"}],"version-history":[{"count":2,"href":"https:\/\/www.sudoestehoje.com.br\/novoportal\/wp-json\/wp\/v2\/posts\/114681\/revisions"}],"predecessor-version":[{"id":114684,"href":"https:\/\/www.sudoestehoje.com.br\/novoportal\/wp-json\/wp\/v2\/posts\/114681\/revisions\/114684"}],"wp:featuredmedia":[{"embeddable":true,"href":"https:\/\/www.sudoestehoje.com.br\/novoportal\/wp-json\/wp\/v2\/media\/114683"}],"wp:attachment":[{"href":"https:\/\/www.sudoestehoje.com.br\/novoportal\/wp-json\/wp\/v2\/media?parent=114681"}],"wp:term":[{"taxonomy":"category","embeddable":true,"href":"https:\/\/www.sudoestehoje.com.br\/novoportal\/wp-json\/wp\/v2\/categories?post=114681"},{"taxonomy":"post_tag","embeddable":true,"href":"https:\/\/www.sudoestehoje.com.br\/novoportal\/wp-json\/wp\/v2\/tags?post=114681"}],"curies":[{"name":"wp","href":"https:\/\/api.w.org\/{rel}","templated":true}]}}