
{"id":114670,"date":"2024-01-11T13:13:32","date_gmt":"2024-01-11T16:13:32","guid":{"rendered":"https:\/\/www.sudoestehoje.com.br\/novoportal\/?p=114670"},"modified":"2024-01-11T13:14:22","modified_gmt":"2024-01-11T16:14:22","slug":"superaquecimento-provocado-pelo-el-nino-comeca-a-perder-forca-diz-inmet","status":"publish","type":"post","link":"https:\/\/www.sudoestehoje.com.br\/novoportal\/2024\/01\/11\/superaquecimento-provocado-pelo-el-nino-comeca-a-perder-forca-diz-inmet\/","title":{"rendered":"SUPERAQUECIMENTO PROVOCADO PELO EL NI\u00d1O COME\u00c7A A PERDER FOR\u00c7A, DIZ INMET"},"content":{"rendered":"<p><img loading=\"lazy\" decoding=\"async\" class=\"alignnone wp-image-114672\" src=\"https:\/\/www.sudoestehoje.com.br\/novoportal\/wp-content\/uploads\/2024\/01\/1401895803-calor-intenso-600x359.webp\" alt=\"\" width=\"550\" height=\"329\" srcset=\"https:\/\/www.sudoestehoje.com.br\/novoportal\/wp-content\/uploads\/2024\/01\/1401895803-calor-intenso-600x359.webp 600w, https:\/\/www.sudoestehoje.com.br\/novoportal\/wp-content\/uploads\/2024\/01\/1401895803-calor-intenso-700x419.webp 700w, https:\/\/www.sudoestehoje.com.br\/novoportal\/wp-content\/uploads\/2024\/01\/1401895803-calor-intenso-768x459.webp 768w, https:\/\/www.sudoestehoje.com.br\/novoportal\/wp-content\/uploads\/2024\/01\/1401895803-calor-intenso.webp 774w\" sizes=\"auto, (max-width: 550px) 100vw, 550px\" \/><\/p>\n<p><strong>O aquecimento das \u00e1guas do Pac\u00edfico Equatorial acima da m\u00e9dia, provocado pelo fen\u00f4meno El Ni\u00f1o, j\u00e1 teve seu pico m\u00e1ximo, e dever\u00e1 ter outro neste m\u00eas de janeiro.<\/strong><\/p>\n<p><strong>Mas a partir de fevereiro, vai come\u00e7ar a diminuir de intensidade. A previs\u00e3o \u00e9 da meteorologista Andrea Ramos, do Instituto Nacional de Metrologia (Inmet).<\/strong><\/p>\n<p><strong>\u201cO que os modelos est\u00e3o indicando \u00e9 que o El Ni\u00f1o come\u00e7a a perder a for\u00e7a a partir de fevereiro. Isso n\u00e3o significa que ele n\u00e3o atue, porque ele influencia, sim, todo o ciclo, seja no campo de chuva, de press\u00e3o, de vento. Mas j\u00e1 perde a for\u00e7a. Isso j\u00e1 \u00e9 confirmado. A previs\u00e3o \u00e9 que ele termine no outono de 2024 e a gente inicie uma fase de neutralidade\u201d, explicou Andrea.<\/strong><\/p>\n","protected":false},"excerpt":{"rendered":"<p>O aquecimento das \u00e1guas do Pac\u00edfico Equatorial acima da m\u00e9dia, provocado pelo fen\u00f4meno El Ni\u00f1o, j\u00e1 teve seu pico m\u00e1ximo, e dever\u00e1 ter outro neste m\u00eas de janeiro. Mas a partir de fevereiro, vai come\u00e7ar a diminuir de intensidade. A previs\u00e3o \u00e9 da meteorologista Andrea Ramos, do Instituto Nacional de Metrologia (Inmet). \u201cO que os [&hellip;]<\/p>\n","protected":false},"author":2,"featured_media":114672,"comment_status":"closed","ping_status":"open","sticky":false,"template":"","format":"standard","meta":{"footnotes":"","_links_to":"","_links_to_target":""},"categories":[1],"tags":[],"class_list":["post-114670","post","type-post","status-publish","format-standard","has-post-thumbnail","hentry","category-geral"],"views":629,"_links":{"self":[{"href":"https:\/\/www.sudoestehoje.com.br\/novoportal\/wp-json\/wp\/v2\/posts\/114670","targetHints":{"allow":["GET"]}}],"collection":[{"href":"https:\/\/www.sudoestehoje.com.br\/novoportal\/wp-json\/wp\/v2\/posts"}],"about":[{"href":"https:\/\/www.sudoestehoje.com.br\/novoportal\/wp-json\/wp\/v2\/types\/post"}],"author":[{"embeddable":true,"href":"https:\/\/www.sudoestehoje.com.br\/novoportal\/wp-json\/wp\/v2\/users\/2"}],"replies":[{"embeddable":true,"href":"https:\/\/www.sudoestehoje.com.br\/novoportal\/wp-json\/wp\/v2\/comments?post=114670"}],"version-history":[{"count":3,"href":"https:\/\/www.sudoestehoje.com.br\/novoportal\/wp-json\/wp\/v2\/posts\/114670\/revisions"}],"predecessor-version":[{"id":114674,"href":"https:\/\/www.sudoestehoje.com.br\/novoportal\/wp-json\/wp\/v2\/posts\/114670\/revisions\/114674"}],"wp:featuredmedia":[{"embeddable":true,"href":"https:\/\/www.sudoestehoje.com.br\/novoportal\/wp-json\/wp\/v2\/media\/114672"}],"wp:attachment":[{"href":"https:\/\/www.sudoestehoje.com.br\/novoportal\/wp-json\/wp\/v2\/media?parent=114670"}],"wp:term":[{"taxonomy":"category","embeddable":true,"href":"https:\/\/www.sudoestehoje.com.br\/novoportal\/wp-json\/wp\/v2\/categories?post=114670"},{"taxonomy":"post_tag","embeddable":true,"href":"https:\/\/www.sudoestehoje.com.br\/novoportal\/wp-json\/wp\/v2\/tags?post=114670"}],"curies":[{"name":"wp","href":"https:\/\/api.w.org\/{rel}","templated":true}]}}