
{"id":114666,"date":"2024-01-11T10:19:10","date_gmt":"2024-01-11T13:19:10","guid":{"rendered":"https:\/\/www.sudoestehoje.com.br\/novoportal\/?p=114666"},"modified":"2024-01-11T10:19:10","modified_gmt":"2024-01-11T13:19:10","slug":"itapetinga-novos-conselheiros-tutelares-tomaram-posse-nesta-quarta","status":"publish","type":"post","link":"https:\/\/www.sudoestehoje.com.br\/novoportal\/2024\/01\/11\/itapetinga-novos-conselheiros-tutelares-tomaram-posse-nesta-quarta\/","title":{"rendered":"ITAPETINGA | NOVOS CONSELHEIROS TUTELARES TOMARAM POSSE NESTA QUARTA"},"content":{"rendered":"<p><img loading=\"lazy\" decoding=\"async\" class=\"alignnone  wp-image-114667\" src=\"https:\/\/www.sudoestehoje.com.br\/novoportal\/wp-content\/uploads\/2024\/01\/WhatsApp-Image-2024-01-11-at-09.29.10-1-990x661-1-600x401.jpeg\" alt=\"\" width=\"551\" height=\"368\" srcset=\"https:\/\/www.sudoestehoje.com.br\/novoportal\/wp-content\/uploads\/2024\/01\/WhatsApp-Image-2024-01-11-at-09.29.10-1-990x661-1-600x401.jpeg 600w, https:\/\/www.sudoestehoje.com.br\/novoportal\/wp-content\/uploads\/2024\/01\/WhatsApp-Image-2024-01-11-at-09.29.10-1-990x661-1-700x467.jpeg 700w, https:\/\/www.sudoestehoje.com.br\/novoportal\/wp-content\/uploads\/2024\/01\/WhatsApp-Image-2024-01-11-at-09.29.10-1-990x661-1-768x513.jpeg 768w, https:\/\/www.sudoestehoje.com.br\/novoportal\/wp-content\/uploads\/2024\/01\/WhatsApp-Image-2024-01-11-at-09.29.10-1-990x661-1.jpeg 990w\" sizes=\"auto, (max-width: 551px) 100vw, 551px\" \/><\/p>\n<p><strong>Tomaram posse, na \u00faltima quarta-feira, 10, os novos Conselheiros Tutelares de Itapetinga. No gabinete do prefeito, os cinco novos eleitos receberam, simbolicamente, das m\u00e3os dos que encerraram seus mandatos, as suas novas atribui\u00e7\u00f5es perante a sociedade.<\/strong><\/p>\n<p><strong>\u201cMuito mais do que um emprego, voc\u00eas recebem hoje, uma miss\u00e3o social. Voc\u00eas t\u00eam um grande compromisso com as crian\u00e7as e adolescentes da nossa cidade e precisam estar vigilantes nos pr\u00f3ximos anos\u201d, ressaltou Washington Maciel, presidente do CMDCA \u2013 Conselho Municipal de Defesa da Crian\u00e7a e do Adolescente.<\/strong><\/p>\n<p><strong>A secret\u00e1ria de desenvolvimento Social, Emanuelle Brand\u00e3o, tamb\u00e9m ressaltou a relev\u00e2ncia do trabalho que desempenhar\u00e3o e colocou o setor p\u00fablico \u00e0 disposi\u00e7\u00e3o para agir lado a lado com o Conselho Tutelar para a prote\u00e7\u00e3o dos nossos jovens.<\/strong><\/p>\n<p><strong>Presente na cerim\u00f4nia de posse, o promotor de justi\u00e7a Millen Castro parabenizou os novos conselheiros pedindo a eles que mantenham, durante todo o mandato, contato pr\u00f3ximo com a sociedade e com toda a rede de prote\u00e7\u00e3o da crian\u00e7a e do adolescente no munic\u00edpio para a garantia de um trabalho t\u00e9cnico, coordenado, que garanta uma escuta especializada e promovo, efetivamente, seguran\u00e7a para os tutelados.<\/strong><\/p>\n<p><strong>A partir de agora, e durante todo o pr\u00f3ximo quadri\u00eanio, Alexandre Jatob\u00e1, Carla Barreto, Esdras, Pastor Leo e Grazi s\u00e3o os novos conselheiros tutelares de Itapetinga.<\/strong><\/p>\n","protected":false},"excerpt":{"rendered":"<p>Tomaram posse, na \u00faltima quarta-feira, 10, os novos Conselheiros Tutelares de Itapetinga. No gabinete do prefeito, os cinco novos eleitos receberam, simbolicamente, das m\u00e3os dos que encerraram seus mandatos, as suas novas atribui\u00e7\u00f5es perante a sociedade. \u201cMuito mais do que um emprego, voc\u00eas recebem hoje, uma miss\u00e3o social. Voc\u00eas t\u00eam um grande compromisso com as [&hellip;]<\/p>\n","protected":false},"author":2,"featured_media":114667,"comment_status":"closed","ping_status":"open","sticky":false,"template":"","format":"standard","meta":{"footnotes":"","_links_to":"","_links_to_target":""},"categories":[1],"tags":[],"class_list":["post-114666","post","type-post","status-publish","format-standard","has-post-thumbnail","hentry","category-geral"],"views":770,"_links":{"self":[{"href":"https:\/\/www.sudoestehoje.com.br\/novoportal\/wp-json\/wp\/v2\/posts\/114666","targetHints":{"allow":["GET"]}}],"collection":[{"href":"https:\/\/www.sudoestehoje.com.br\/novoportal\/wp-json\/wp\/v2\/posts"}],"about":[{"href":"https:\/\/www.sudoestehoje.com.br\/novoportal\/wp-json\/wp\/v2\/types\/post"}],"author":[{"embeddable":true,"href":"https:\/\/www.sudoestehoje.com.br\/novoportal\/wp-json\/wp\/v2\/users\/2"}],"replies":[{"embeddable":true,"href":"https:\/\/www.sudoestehoje.com.br\/novoportal\/wp-json\/wp\/v2\/comments?post=114666"}],"version-history":[{"count":2,"href":"https:\/\/www.sudoestehoje.com.br\/novoportal\/wp-json\/wp\/v2\/posts\/114666\/revisions"}],"predecessor-version":[{"id":114669,"href":"https:\/\/www.sudoestehoje.com.br\/novoportal\/wp-json\/wp\/v2\/posts\/114666\/revisions\/114669"}],"wp:featuredmedia":[{"embeddable":true,"href":"https:\/\/www.sudoestehoje.com.br\/novoportal\/wp-json\/wp\/v2\/media\/114667"}],"wp:attachment":[{"href":"https:\/\/www.sudoestehoje.com.br\/novoportal\/wp-json\/wp\/v2\/media?parent=114666"}],"wp:term":[{"taxonomy":"category","embeddable":true,"href":"https:\/\/www.sudoestehoje.com.br\/novoportal\/wp-json\/wp\/v2\/categories?post=114666"},{"taxonomy":"post_tag","embeddable":true,"href":"https:\/\/www.sudoestehoje.com.br\/novoportal\/wp-json\/wp\/v2\/tags?post=114666"}],"curies":[{"name":"wp","href":"https:\/\/api.w.org\/{rel}","templated":true}]}}