
{"id":114654,"date":"2024-01-10T22:30:51","date_gmt":"2024-01-11T01:30:51","guid":{"rendered":"https:\/\/www.sudoestehoje.com.br\/novoportal\/?p=114654"},"modified":"2024-01-10T22:30:51","modified_gmt":"2024-01-11T01:30:51","slug":"sudoeste-acidente-de-onibus-deixa-29-passageiros-feridos-na-br-430-em-caetite","status":"publish","type":"post","link":"https:\/\/www.sudoestehoje.com.br\/novoportal\/2024\/01\/10\/sudoeste-acidente-de-onibus-deixa-29-passageiros-feridos-na-br-430-em-caetite\/","title":{"rendered":"SUDOESTE | ACIDENTE DE \u00d4NIBUS DEIXA 29 PASSAGEIROS FERIDOS NA BR-430, EM CAETIT\u00c9"},"content":{"rendered":"<p><img loading=\"lazy\" decoding=\"async\" class=\"alignnone  wp-image-114656\" src=\"https:\/\/www.sudoestehoje.com.br\/novoportal\/wp-content\/uploads\/2024\/01\/acidente-5.jpg\" alt=\"\" width=\"551\" height=\"327\" \/><\/p>\n<p><strong>Um acidente com um \u00f4nibus deixou 29 passageiros feridos na BR-430, em um trecho da cidade de Caetit\u00e9, no sudoeste da Bahia, na noite de ter\u00e7a-feira (9).\u00a0Segundo a Pol\u00edcia Rodovi\u00e1ria Federal (PRF), cinco pessoas foram socorridas em estado grave.<\/strong><\/p>\n<p><strong>Segundo informa\u00e7\u00f5es preliminares da PRF, o ve\u00edculo, que partiu do Distrito Federal, tombou por volta das 23h45. O destino final do \u00f4nibus era a cidade de Igapor\u00e3, no sudoeste da Bahia. O \u00f4nibus transportava 66 passageiros. At\u00e9 o momento, n\u00e3o h\u00e1 detalhes sobre a causa do acidente. As equipes do Servi\u00e7o de Atendimento M\u00f3vel de Urg\u00eancia (Samu) prestaram os primeiros socorros aos envolvidos no tombamento.<\/strong><\/p>\n<p><strong>O acidente ocorreu tr\u00eas dias ap\u00f3s uma persegui\u00e7\u00e3o entre um caminh\u00e3o e um \u00f4nibus de turismo que ocorreu em 24 pessoas mortas na noite de domingo (7), na BR-324.<\/strong><\/p>\n","protected":false},"excerpt":{"rendered":"<p>Um acidente com um \u00f4nibus deixou 29 passageiros feridos na BR-430, em um trecho da cidade de Caetit\u00e9, no sudoeste da Bahia, na noite de ter\u00e7a-feira (9).\u00a0Segundo a Pol\u00edcia Rodovi\u00e1ria Federal (PRF), cinco pessoas foram socorridas em estado grave. Segundo informa\u00e7\u00f5es preliminares da PRF, o ve\u00edculo, que partiu do Distrito Federal, tombou por volta das [&hellip;]<\/p>\n","protected":false},"author":2,"featured_media":114656,"comment_status":"closed","ping_status":"open","sticky":false,"template":"","format":"standard","meta":{"footnotes":"","_links_to":"","_links_to_target":""},"categories":[1],"tags":[],"class_list":["post-114654","post","type-post","status-publish","format-standard","has-post-thumbnail","hentry","category-geral"],"views":1346,"_links":{"self":[{"href":"https:\/\/www.sudoestehoje.com.br\/novoportal\/wp-json\/wp\/v2\/posts\/114654","targetHints":{"allow":["GET"]}}],"collection":[{"href":"https:\/\/www.sudoestehoje.com.br\/novoportal\/wp-json\/wp\/v2\/posts"}],"about":[{"href":"https:\/\/www.sudoestehoje.com.br\/novoportal\/wp-json\/wp\/v2\/types\/post"}],"author":[{"embeddable":true,"href":"https:\/\/www.sudoestehoje.com.br\/novoportal\/wp-json\/wp\/v2\/users\/2"}],"replies":[{"embeddable":true,"href":"https:\/\/www.sudoestehoje.com.br\/novoportal\/wp-json\/wp\/v2\/comments?post=114654"}],"version-history":[{"count":2,"href":"https:\/\/www.sudoestehoje.com.br\/novoportal\/wp-json\/wp\/v2\/posts\/114654\/revisions"}],"predecessor-version":[{"id":114657,"href":"https:\/\/www.sudoestehoje.com.br\/novoportal\/wp-json\/wp\/v2\/posts\/114654\/revisions\/114657"}],"wp:featuredmedia":[{"embeddable":true,"href":"https:\/\/www.sudoestehoje.com.br\/novoportal\/wp-json\/wp\/v2\/media\/114656"}],"wp:attachment":[{"href":"https:\/\/www.sudoestehoje.com.br\/novoportal\/wp-json\/wp\/v2\/media?parent=114654"}],"wp:term":[{"taxonomy":"category","embeddable":true,"href":"https:\/\/www.sudoestehoje.com.br\/novoportal\/wp-json\/wp\/v2\/categories?post=114654"},{"taxonomy":"post_tag","embeddable":true,"href":"https:\/\/www.sudoestehoje.com.br\/novoportal\/wp-json\/wp\/v2\/tags?post=114654"}],"curies":[{"name":"wp","href":"https:\/\/api.w.org\/{rel}","templated":true}]}}