
{"id":114648,"date":"2024-01-10T20:48:36","date_gmt":"2024-01-10T23:48:36","guid":{"rendered":"https:\/\/www.sudoestehoje.com.br\/novoportal\/?p=114648"},"modified":"2024-01-10T20:49:42","modified_gmt":"2024-01-10T23:49:42","slug":"sem-mencionar-confrontos-ssp-indica-reducao-de-6-em-homicidios-na-bahia","status":"publish","type":"post","link":"https:\/\/www.sudoestehoje.com.br\/novoportal\/2024\/01\/10\/sem-mencionar-confrontos-ssp-indica-reducao-de-6-em-homicidios-na-bahia\/","title":{"rendered":"SEM MENCIONAR CONFRONTOS, SSP INDICA REDU\u00c7\u00c3O DE 6% EM HOMIC\u00cdDIOS NA BAHIA"},"content":{"rendered":"<p><img loading=\"lazy\" decoding=\"async\" class=\"alignnone wp-image-114651\" src=\"https:\/\/www.sudoestehoje.com.br\/novoportal\/wp-content\/uploads\/2024\/01\/112544todas-as-vitimas-de-violencia-policial-na-bahia-em-2020-eram-homens-negros-aponta-estudo-3-600x282.jpg\" alt=\"\" width=\"551\" height=\"259\" srcset=\"https:\/\/www.sudoestehoje.com.br\/novoportal\/wp-content\/uploads\/2024\/01\/112544todas-as-vitimas-de-violencia-policial-na-bahia-em-2020-eram-homens-negros-aponta-estudo-3-600x282.jpg 600w, https:\/\/www.sudoestehoje.com.br\/novoportal\/wp-content\/uploads\/2024\/01\/112544todas-as-vitimas-de-violencia-policial-na-bahia-em-2020-eram-homens-negros-aponta-estudo-3-700x329.jpg 700w, https:\/\/www.sudoestehoje.com.br\/novoportal\/wp-content\/uploads\/2024\/01\/112544todas-as-vitimas-de-violencia-policial-na-bahia-em-2020-eram-homens-negros-aponta-estudo-3-768x361.jpg 768w, https:\/\/www.sudoestehoje.com.br\/novoportal\/wp-content\/uploads\/2024\/01\/112544todas-as-vitimas-de-violencia-policial-na-bahia-em-2020-eram-homens-negros-aponta-estudo-3-1536x722.jpg 1536w, https:\/\/www.sudoestehoje.com.br\/novoportal\/wp-content\/uploads\/2024\/01\/112544todas-as-vitimas-de-violencia-policial-na-bahia-em-2020-eram-homens-negros-aponta-estudo-3.jpg 1600w\" sizes=\"auto, (max-width: 551px) 100vw, 551px\" \/><\/p>\n<p><strong>O n\u00famero de homic\u00eddios registrados na Bahia em 2023 foi 6,3% menor que o ano anterior, segundo balan\u00e7o divulgado pela Secretaria de Seguran\u00e7a P\u00fablica do estado (SSP-BA) nesta quarta-feira (10). Em 2022, foram registradas 5.166 casos, enquanto 4.855 foram contabilizadas no ano passado.<\/strong><\/p>\n<p><strong>A SSP-BA contabiliza como mortes violentas os seguintes crimes: homic\u00eddios, feminic\u00eddios, les\u00f5es corporais e latroc\u00ednio. Os dados n\u00e3o contabilizam ocorr\u00eancias em\u00a0a\u00e7\u00f5es das pol\u00edcias, que, somente em setembro de 2023, foram respons\u00e1veis por 40 mortos. <\/strong><\/p>\n<p><strong>Al\u00e9m das mortes violentas \u00edndices levam em conta tamb\u00e9m crimes contra o patrim\u00f4nio, pris\u00f5es e apreens\u00f5es. No caso de les\u00f5es corporais, houve um aumento de 33%.<\/strong><\/p>\n","protected":false},"excerpt":{"rendered":"<p>O n\u00famero de homic\u00eddios registrados na Bahia em 2023 foi 6,3% menor que o ano anterior, segundo balan\u00e7o divulgado pela Secretaria de Seguran\u00e7a P\u00fablica do estado (SSP-BA) nesta quarta-feira (10). Em 2022, foram registradas 5.166 casos, enquanto 4.855 foram contabilizadas no ano passado. A SSP-BA contabiliza como mortes violentas os seguintes crimes: homic\u00eddios, feminic\u00eddios, les\u00f5es [&hellip;]<\/p>\n","protected":false},"author":2,"featured_media":114651,"comment_status":"closed","ping_status":"open","sticky":false,"template":"","format":"standard","meta":{"footnotes":"","_links_to":"","_links_to_target":""},"categories":[1],"tags":[],"class_list":["post-114648","post","type-post","status-publish","format-standard","has-post-thumbnail","hentry","category-geral"],"views":1086,"_links":{"self":[{"href":"https:\/\/www.sudoestehoje.com.br\/novoportal\/wp-json\/wp\/v2\/posts\/114648","targetHints":{"allow":["GET"]}}],"collection":[{"href":"https:\/\/www.sudoestehoje.com.br\/novoportal\/wp-json\/wp\/v2\/posts"}],"about":[{"href":"https:\/\/www.sudoestehoje.com.br\/novoportal\/wp-json\/wp\/v2\/types\/post"}],"author":[{"embeddable":true,"href":"https:\/\/www.sudoestehoje.com.br\/novoportal\/wp-json\/wp\/v2\/users\/2"}],"replies":[{"embeddable":true,"href":"https:\/\/www.sudoestehoje.com.br\/novoportal\/wp-json\/wp\/v2\/comments?post=114648"}],"version-history":[{"count":3,"href":"https:\/\/www.sudoestehoje.com.br\/novoportal\/wp-json\/wp\/v2\/posts\/114648\/revisions"}],"predecessor-version":[{"id":114652,"href":"https:\/\/www.sudoestehoje.com.br\/novoportal\/wp-json\/wp\/v2\/posts\/114648\/revisions\/114652"}],"wp:featuredmedia":[{"embeddable":true,"href":"https:\/\/www.sudoestehoje.com.br\/novoportal\/wp-json\/wp\/v2\/media\/114651"}],"wp:attachment":[{"href":"https:\/\/www.sudoestehoje.com.br\/novoportal\/wp-json\/wp\/v2\/media?parent=114648"}],"wp:term":[{"taxonomy":"category","embeddable":true,"href":"https:\/\/www.sudoestehoje.com.br\/novoportal\/wp-json\/wp\/v2\/categories?post=114648"},{"taxonomy":"post_tag","embeddable":true,"href":"https:\/\/www.sudoestehoje.com.br\/novoportal\/wp-json\/wp\/v2\/tags?post=114648"}],"curies":[{"name":"wp","href":"https:\/\/api.w.org\/{rel}","templated":true}]}}