
{"id":114644,"date":"2024-01-10T20:34:36","date_gmt":"2024-01-10T23:34:36","guid":{"rendered":"https:\/\/www.sudoestehoje.com.br\/novoportal\/?p=114644"},"modified":"2024-01-10T20:34:36","modified_gmt":"2024-01-10T23:34:36","slug":"empresario-morre-atropelado-enquanto-fazia-caminhada-no-sul-da-bahia","status":"publish","type":"post","link":"https:\/\/www.sudoestehoje.com.br\/novoportal\/2024\/01\/10\/empresario-morre-atropelado-enquanto-fazia-caminhada-no-sul-da-bahia\/","title":{"rendered":"EMPRES\u00c1RIO MORRE ATROPELADO ENQUANTO FAZIA CAMINHADA NO SUL DA BAHIA"},"content":{"rendered":"<p><img loading=\"lazy\" decoding=\"async\" class=\"alignnone  wp-image-114645\" src=\"https:\/\/www.sudoestehoje.com.br\/novoportal\/wp-content\/uploads\/2024\/01\/Empresario-600x454.webp\" alt=\"\" width=\"551\" height=\"417\" srcset=\"https:\/\/www.sudoestehoje.com.br\/novoportal\/wp-content\/uploads\/2024\/01\/Empresario-600x454.webp 600w, https:\/\/www.sudoestehoje.com.br\/novoportal\/wp-content\/uploads\/2024\/01\/Empresario-700x530.webp 700w, https:\/\/www.sudoestehoje.com.br\/novoportal\/wp-content\/uploads\/2024\/01\/Empresario-768x581.webp 768w, https:\/\/www.sudoestehoje.com.br\/novoportal\/wp-content\/uploads\/2024\/01\/Empresario.webp 984w\" sizes=\"auto, (max-width: 551px) 100vw, 551px\" \/><\/p>\n<p><strong>Na noite desta ter\u00e7a-feira (9), um empres\u00e1rio de 32 anos, identificado como Eder Martins, morreu ap\u00f3s ser atropelado, enquanto fazia uma caminhada na BR-101, em trecho da cidade de Buerarema, no sul da Bahia.<\/strong><\/p>\n<p><strong>De acordo com a Pol\u00edcia Rodovi\u00e1ria Federal (PRF), o acidente ocorreu no Km 526 da rodovia. O motorista saiu o ve\u00edculo no local do acidente e n\u00e3o foi encontrado at\u00e9 a manh\u00e3 desta quarta-feira (10).<\/strong><\/p>\n<p><strong>As primeiras informa\u00e7\u00f5es indicam que a v\u00edtima tinha um armaz\u00e9m de cacau em Buerarema. Equipes da PRF seguiam no local, ainda nesta manh\u00e3.<\/strong><\/p>\n<p><strong>O corpo de Eder Martins ser\u00e1 encaminhado para o Departamento de Pol\u00edcia T\u00e9cnica (DPT) de Itabuna. A Pol\u00edcia Civil investigar\u00e1 o caso.<\/strong><\/p>\n","protected":false},"excerpt":{"rendered":"<p>Na noite desta ter\u00e7a-feira (9), um empres\u00e1rio de 32 anos, identificado como Eder Martins, morreu ap\u00f3s ser atropelado, enquanto fazia uma caminhada na BR-101, em trecho da cidade de Buerarema, no sul da Bahia. De acordo com a Pol\u00edcia Rodovi\u00e1ria Federal (PRF), o acidente ocorreu no Km 526 da rodovia. O motorista saiu o ve\u00edculo [&hellip;]<\/p>\n","protected":false},"author":2,"featured_media":114645,"comment_status":"closed","ping_status":"open","sticky":false,"template":"","format":"standard","meta":{"footnotes":"","_links_to":"","_links_to_target":""},"categories":[1],"tags":[],"class_list":["post-114644","post","type-post","status-publish","format-standard","has-post-thumbnail","hentry","category-geral"],"views":1418,"_links":{"self":[{"href":"https:\/\/www.sudoestehoje.com.br\/novoportal\/wp-json\/wp\/v2\/posts\/114644","targetHints":{"allow":["GET"]}}],"collection":[{"href":"https:\/\/www.sudoestehoje.com.br\/novoportal\/wp-json\/wp\/v2\/posts"}],"about":[{"href":"https:\/\/www.sudoestehoje.com.br\/novoportal\/wp-json\/wp\/v2\/types\/post"}],"author":[{"embeddable":true,"href":"https:\/\/www.sudoestehoje.com.br\/novoportal\/wp-json\/wp\/v2\/users\/2"}],"replies":[{"embeddable":true,"href":"https:\/\/www.sudoestehoje.com.br\/novoportal\/wp-json\/wp\/v2\/comments?post=114644"}],"version-history":[{"count":2,"href":"https:\/\/www.sudoestehoje.com.br\/novoportal\/wp-json\/wp\/v2\/posts\/114644\/revisions"}],"predecessor-version":[{"id":114647,"href":"https:\/\/www.sudoestehoje.com.br\/novoportal\/wp-json\/wp\/v2\/posts\/114644\/revisions\/114647"}],"wp:featuredmedia":[{"embeddable":true,"href":"https:\/\/www.sudoestehoje.com.br\/novoportal\/wp-json\/wp\/v2\/media\/114645"}],"wp:attachment":[{"href":"https:\/\/www.sudoestehoje.com.br\/novoportal\/wp-json\/wp\/v2\/media?parent=114644"}],"wp:term":[{"taxonomy":"category","embeddable":true,"href":"https:\/\/www.sudoestehoje.com.br\/novoportal\/wp-json\/wp\/v2\/categories?post=114644"},{"taxonomy":"post_tag","embeddable":true,"href":"https:\/\/www.sudoestehoje.com.br\/novoportal\/wp-json\/wp\/v2\/tags?post=114644"}],"curies":[{"name":"wp","href":"https:\/\/api.w.org\/{rel}","templated":true}]}}