
{"id":114640,"date":"2024-01-10T20:26:39","date_gmt":"2024-01-10T23:26:39","guid":{"rendered":"https:\/\/www.sudoestehoje.com.br\/novoportal\/?p=114640"},"modified":"2024-01-10T22:14:24","modified_gmt":"2024-01-11T01:14:24","slug":"veja-lista-das-cidades-que-receberao-provas-do-concurso-unificado","status":"publish","type":"post","link":"https:\/\/www.sudoestehoje.com.br\/novoportal\/2024\/01\/10\/veja-lista-das-cidades-que-receberao-provas-do-concurso-unificado\/","title":{"rendered":"VEJA LISTA DAS CIDADES QUE RECEBER\u00c3O PROVAS DO CONCURSO UNIFICADO"},"content":{"rendered":"<p><img loading=\"lazy\" decoding=\"async\" class=\"alignnone wp-image-114642\" src=\"https:\/\/www.sudoestehoje.com.br\/novoportal\/wp-content\/uploads\/2024\/01\/concursos-auditor-fiscal-pixabay-600x375.jpeg\" alt=\"\" width=\"550\" height=\"344\" srcset=\"https:\/\/www.sudoestehoje.com.br\/novoportal\/wp-content\/uploads\/2024\/01\/concursos-auditor-fiscal-pixabay-600x375.jpeg 600w, https:\/\/www.sudoestehoje.com.br\/novoportal\/wp-content\/uploads\/2024\/01\/concursos-auditor-fiscal-pixabay-700x438.jpeg 700w, https:\/\/www.sudoestehoje.com.br\/novoportal\/wp-content\/uploads\/2024\/01\/concursos-auditor-fiscal-pixabay-768x480.jpeg 768w, https:\/\/www.sudoestehoje.com.br\/novoportal\/wp-content\/uploads\/2024\/01\/concursos-auditor-fiscal-pixabay.jpeg 880w\" sizes=\"auto, (max-width: 550px) 100vw, 550px\" \/><\/p>\n<p><strong>No total, 220 cidades de todo o Brasil ter\u00e3o aplica\u00e7\u00e3o do Concurso P\u00fablico Nacional Unificado. Conforme dados divulgados pelo Minist\u00e9rio da Gest\u00e3o e Inova\u00e7\u00e3o em Servi\u00e7os P\u00fablicos (MGI), ser\u00e3o mais 5 mil locais de aplica\u00e7\u00e3o e 77 mil salas.<\/strong><\/p>\n<p><span style=\"color: #0000ff;\"><strong><a style=\"color: #0000ff;\" href=\"https:\/\/www.gov.br\/gestao\/pt-br\/assuntos\/noticias\/2023\/dezembro\/concurso-publico-nacional-ministerio-da-gestao-anuncia-novo-cronograma\/lista-cidades.pdf\" target=\"_blank\" rel=\"noopener\">Veja lista de cidades que receber\u00e3o a prova clicando aqui<\/a><\/strong><\/span><\/p>\n<p><strong>O concurso ofertar\u00e1 6.640 vagas, distribu\u00eddas em 21 \u00f3rg\u00e3os federais. As inscri\u00e7\u00f5es come\u00e7am em 19 de janeiro e v\u00e3o at\u00e9 9 de fevereiro. Para se inscrever, o candidato precisa ter conta no Gov.br. A taxa de inscri\u00e7\u00e3o \u00e9 de R$ 60 para n\u00edvel m\u00e9dio e R$ 90 para vagas de n\u00edvel superior.<\/strong><\/p>\n","protected":false},"excerpt":{"rendered":"<p>No total, 220 cidades de todo o Brasil ter\u00e3o aplica\u00e7\u00e3o do Concurso P\u00fablico Nacional Unificado. Conforme dados divulgados pelo Minist\u00e9rio da Gest\u00e3o e Inova\u00e7\u00e3o em Servi\u00e7os P\u00fablicos (MGI), ser\u00e3o mais 5 mil locais de aplica\u00e7\u00e3o e 77 mil salas. Veja lista de cidades que receber\u00e3o a prova clicando aqui O concurso ofertar\u00e1 6.640 vagas, distribu\u00eddas [&hellip;]<\/p>\n","protected":false},"author":2,"featured_media":114642,"comment_status":"closed","ping_status":"open","sticky":false,"template":"","format":"standard","meta":{"footnotes":"","_links_to":"","_links_to_target":""},"categories":[1],"tags":[],"class_list":["post-114640","post","type-post","status-publish","format-standard","has-post-thumbnail","hentry","category-geral"],"views":692,"_links":{"self":[{"href":"https:\/\/www.sudoestehoje.com.br\/novoportal\/wp-json\/wp\/v2\/posts\/114640","targetHints":{"allow":["GET"]}}],"collection":[{"href":"https:\/\/www.sudoestehoje.com.br\/novoportal\/wp-json\/wp\/v2\/posts"}],"about":[{"href":"https:\/\/www.sudoestehoje.com.br\/novoportal\/wp-json\/wp\/v2\/types\/post"}],"author":[{"embeddable":true,"href":"https:\/\/www.sudoestehoje.com.br\/novoportal\/wp-json\/wp\/v2\/users\/2"}],"replies":[{"embeddable":true,"href":"https:\/\/www.sudoestehoje.com.br\/novoportal\/wp-json\/wp\/v2\/comments?post=114640"}],"version-history":[{"count":3,"href":"https:\/\/www.sudoestehoje.com.br\/novoportal\/wp-json\/wp\/v2\/posts\/114640\/revisions"}],"predecessor-version":[{"id":114653,"href":"https:\/\/www.sudoestehoje.com.br\/novoportal\/wp-json\/wp\/v2\/posts\/114640\/revisions\/114653"}],"wp:featuredmedia":[{"embeddable":true,"href":"https:\/\/www.sudoestehoje.com.br\/novoportal\/wp-json\/wp\/v2\/media\/114642"}],"wp:attachment":[{"href":"https:\/\/www.sudoestehoje.com.br\/novoportal\/wp-json\/wp\/v2\/media?parent=114640"}],"wp:term":[{"taxonomy":"category","embeddable":true,"href":"https:\/\/www.sudoestehoje.com.br\/novoportal\/wp-json\/wp\/v2\/categories?post=114640"},{"taxonomy":"post_tag","embeddable":true,"href":"https:\/\/www.sudoestehoje.com.br\/novoportal\/wp-json\/wp\/v2\/tags?post=114640"}],"curies":[{"name":"wp","href":"https:\/\/api.w.org\/{rel}","templated":true}]}}