
{"id":114635,"date":"2024-01-10T09:44:11","date_gmt":"2024-01-10T12:44:11","guid":{"rendered":"https:\/\/www.sudoestehoje.com.br\/novoportal\/?p=114635"},"modified":"2024-01-10T09:44:11","modified_gmt":"2024-01-10T12:44:11","slug":"falha-no-repasse-da-1a-parcela-do-fpm-pode-gerar-atraso-salarial-nos-municipios","status":"publish","type":"post","link":"https:\/\/www.sudoestehoje.com.br\/novoportal\/2024\/01\/10\/falha-no-repasse-da-1a-parcela-do-fpm-pode-gerar-atraso-salarial-nos-municipios\/","title":{"rendered":"FALHA NO REPASSE DA 1\u00aa PARCELA DO FPM PODE GERAR ATRASO SALARIAL NOS MUNIC\u00cdPIOS"},"content":{"rendered":"<p><img loading=\"lazy\" decoding=\"async\" class=\"alignnone  wp-image-114638\" src=\"https:\/\/www.sudoestehoje.com.br\/novoportal\/wp-content\/uploads\/2024\/01\/8e0474ebf86f43f80de2bb7b693eb5fa-600x338.jpg\" alt=\"\" width=\"550\" height=\"310\" srcset=\"https:\/\/www.sudoestehoje.com.br\/novoportal\/wp-content\/uploads\/2024\/01\/8e0474ebf86f43f80de2bb7b693eb5fa-600x338.jpg 600w, https:\/\/www.sudoestehoje.com.br\/novoportal\/wp-content\/uploads\/2024\/01\/8e0474ebf86f43f80de2bb7b693eb5fa-700x394.jpg 700w, https:\/\/www.sudoestehoje.com.br\/novoportal\/wp-content\/uploads\/2024\/01\/8e0474ebf86f43f80de2bb7b693eb5fa-768x432.jpg 768w, https:\/\/www.sudoestehoje.com.br\/novoportal\/wp-content\/uploads\/2024\/01\/8e0474ebf86f43f80de2bb7b693eb5fa.jpg 1200w\" sizes=\"auto, (max-width: 550px) 100vw, 550px\" \/><\/p>\n<p><strong>Previsto para creditado nesta quarta-feira, 10 de janeiro, o repasse do Fundo de Participa\u00e7\u00e3o dos Munic\u00edpios (FPM) referente ao 1\u00ba dec\u00eandio do m\u00eas, ainda n\u00e3o caiu nas contas dos munic\u00edpios, incluindo as parcelas retidas do Fundo de Manuten\u00e7\u00e3o e Desenvolvimento da Educa\u00e7\u00e3o B\u00e1sica e de Valoriza\u00e7\u00e3o dos Profissionais da Educa\u00e7\u00e3o (Fundeb).<\/strong><\/p>\n<p><strong>O primeiro dec\u00eandio sofre influ\u00eancia da arrecada\u00e7\u00e3o do m\u00eas anterior, uma vez que a base de c\u00e1lculo para o repasse \u00e9 dos dias 20 a 30 (do m\u00eas anterior). Esse 1\u00ba dec\u00eandio, geralmente, sempre \u00e9 o maior do m\u00eas e representa quase a metade do valor esperado para o m\u00eas inteiro.<\/strong><\/p>\n<p><strong>ATRASO COMPROMETE PAGAMENTO SALARIAL\u00a0<\/strong><\/p>\n<p><strong>De acordo com informa\u00e7\u00f5es colhidas pelo site junto \u00e0s secretarias de finan\u00e7as de alguns munic\u00edpios do M\u00e9dio Sudoeste baiano, a reten\u00e7\u00e3o do FPM pelo Tesouro Nacional pode ocasionar atraso no pagamento salarial dos servidores municipais, principalmente os da sa\u00fade e educa\u00e7\u00e3o, comprometendo as contas municipais.<\/strong><\/p>\n<p><strong>O governo federal ainda n\u00e3o justificou o atraso.<\/strong><\/p>\n","protected":false},"excerpt":{"rendered":"<p>Previsto para creditado nesta quarta-feira, 10 de janeiro, o repasse do Fundo de Participa\u00e7\u00e3o dos Munic\u00edpios (FPM) referente ao 1\u00ba dec\u00eandio do m\u00eas, ainda n\u00e3o caiu nas contas dos munic\u00edpios, incluindo as parcelas retidas do Fundo de Manuten\u00e7\u00e3o e Desenvolvimento da Educa\u00e7\u00e3o B\u00e1sica e de Valoriza\u00e7\u00e3o dos Profissionais da Educa\u00e7\u00e3o (Fundeb). O primeiro dec\u00eandio sofre [&hellip;]<\/p>\n","protected":false},"author":2,"featured_media":114638,"comment_status":"closed","ping_status":"open","sticky":false,"template":"","format":"standard","meta":{"footnotes":"","_links_to":"","_links_to_target":""},"categories":[1],"tags":[],"class_list":["post-114635","post","type-post","status-publish","format-standard","has-post-thumbnail","hentry","category-geral"],"views":1178,"_links":{"self":[{"href":"https:\/\/www.sudoestehoje.com.br\/novoportal\/wp-json\/wp\/v2\/posts\/114635","targetHints":{"allow":["GET"]}}],"collection":[{"href":"https:\/\/www.sudoestehoje.com.br\/novoportal\/wp-json\/wp\/v2\/posts"}],"about":[{"href":"https:\/\/www.sudoestehoje.com.br\/novoportal\/wp-json\/wp\/v2\/types\/post"}],"author":[{"embeddable":true,"href":"https:\/\/www.sudoestehoje.com.br\/novoportal\/wp-json\/wp\/v2\/users\/2"}],"replies":[{"embeddable":true,"href":"https:\/\/www.sudoestehoje.com.br\/novoportal\/wp-json\/wp\/v2\/comments?post=114635"}],"version-history":[{"count":3,"href":"https:\/\/www.sudoestehoje.com.br\/novoportal\/wp-json\/wp\/v2\/posts\/114635\/revisions"}],"predecessor-version":[{"id":114639,"href":"https:\/\/www.sudoestehoje.com.br\/novoportal\/wp-json\/wp\/v2\/posts\/114635\/revisions\/114639"}],"wp:featuredmedia":[{"embeddable":true,"href":"https:\/\/www.sudoestehoje.com.br\/novoportal\/wp-json\/wp\/v2\/media\/114638"}],"wp:attachment":[{"href":"https:\/\/www.sudoestehoje.com.br\/novoportal\/wp-json\/wp\/v2\/media?parent=114635"}],"wp:term":[{"taxonomy":"category","embeddable":true,"href":"https:\/\/www.sudoestehoje.com.br\/novoportal\/wp-json\/wp\/v2\/categories?post=114635"},{"taxonomy":"post_tag","embeddable":true,"href":"https:\/\/www.sudoestehoje.com.br\/novoportal\/wp-json\/wp\/v2\/tags?post=114635"}],"curies":[{"name":"wp","href":"https:\/\/api.w.org\/{rel}","templated":true}]}}