
{"id":114616,"date":"2024-01-08T20:27:00","date_gmt":"2024-01-08T23:27:00","guid":{"rendered":"https:\/\/www.sudoestehoje.com.br\/novoportal\/?p=114616"},"modified":"2024-01-08T20:36:38","modified_gmt":"2024-01-08T23:36:38","slug":"itapetinga-jovem-colaborador-da-vulcabras-morre-vitima-de-choque-eletrico","status":"publish","type":"post","link":"https:\/\/www.sudoestehoje.com.br\/novoportal\/2024\/01\/08\/itapetinga-jovem-colaborador-da-vulcabras-morre-vitima-de-choque-eletrico\/","title":{"rendered":"ITAPETINGA | JOVEM COLABORADOR DA VULCABRAS MORRE V\u00cdTIMA DE CHOQUE EL\u00c9TRICO"},"content":{"rendered":"<p><img loading=\"lazy\" decoding=\"async\" class=\"alignnone wp-image-114617\" src=\"https:\/\/www.sudoestehoje.com.br\/novoportal\/wp-content\/uploads\/2024\/01\/8x8OdJu-600x360.jpg\" alt=\"\" width=\"550\" height=\"330\" srcset=\"https:\/\/www.sudoestehoje.com.br\/novoportal\/wp-content\/uploads\/2024\/01\/8x8OdJu-600x360.jpg 600w, https:\/\/www.sudoestehoje.com.br\/novoportal\/wp-content\/uploads\/2024\/01\/8x8OdJu.jpg 650w\" sizes=\"auto, (max-width: 550px) 100vw, 550px\" \/><\/p>\n<p><strong>Uma not\u00edcia triste na cidade de Itapetinga na tarde desta segunda-feira (08), um homem de 37 anos que foi identificado pelo nome inicialmente de Wagner, morreu ao cair de uma escada quando estava consertando um padr\u00e3o, segundo informa\u00e7\u00f5es que foram divulgadas.\u00a0<\/strong><\/p>\n<p><strong>O homem era morador da Vila Isabel e trabalhava na f\u00e1brica cal\u00e7adista Azaleia. Ainda de acordo com as informa\u00e7\u00f5es, que circulam nas redes sociais, muitos afirmaram que o homem morreu de uma descarga el\u00e9trica.\u00a0<span style=\"color: #0000ff;\"><em>V\u00eddeo mostra local do acidente:<\/em><\/span><\/strong><\/p>\n<p><iframe loading=\"lazy\" title=\"Homem de 37 anos ao receber choque el\u00e9trico na cidade de Itapetinga.\" width=\"500\" height=\"281\" src=\"https:\/\/www.youtube.com\/embed\/ATPV_fyFWvk?start=28&#038;feature=oembed\" frameborder=\"0\" allow=\"accelerometer; autoplay; clipboard-write; encrypted-media; gyroscope; picture-in-picture; web-share\" referrerpolicy=\"strict-origin-when-cross-origin\" allowfullscreen><\/iframe><\/p>\n<p><strong>Essa informa\u00e7\u00e3o ainda est\u00e1 sendo apurada, j\u00e1 que pessoas pr\u00f3ximas afirmam que a causa da morte foi por conta da queda. O corpo de Wagner at\u00e9 o fechamento desta mat\u00e9ria por volta das 17 horas, ainda estava no local \u00e0 espera da Pol\u00edcia T\u00e9cnica para remo\u00e7\u00e3o ao Instituto M\u00e9dico Legal (IML).<\/strong><\/p>\n","protected":false},"excerpt":{"rendered":"<p>Uma not\u00edcia triste na cidade de Itapetinga na tarde desta segunda-feira (08), um homem de 37 anos que foi identificado pelo nome inicialmente de Wagner, morreu ao cair de uma escada quando estava consertando um padr\u00e3o, segundo informa\u00e7\u00f5es que foram divulgadas.\u00a0 O homem era morador da Vila Isabel e trabalhava na f\u00e1brica cal\u00e7adista Azaleia. Ainda [&hellip;]<\/p>\n","protected":false},"author":2,"featured_media":114617,"comment_status":"closed","ping_status":"open","sticky":false,"template":"","format":"standard","meta":{"footnotes":"","_links_to":"","_links_to_target":""},"categories":[1],"tags":[],"class_list":["post-114616","post","type-post","status-publish","format-standard","has-post-thumbnail","hentry","category-geral"],"views":2697,"_links":{"self":[{"href":"https:\/\/www.sudoestehoje.com.br\/novoportal\/wp-json\/wp\/v2\/posts\/114616","targetHints":{"allow":["GET"]}}],"collection":[{"href":"https:\/\/www.sudoestehoje.com.br\/novoportal\/wp-json\/wp\/v2\/posts"}],"about":[{"href":"https:\/\/www.sudoestehoje.com.br\/novoportal\/wp-json\/wp\/v2\/types\/post"}],"author":[{"embeddable":true,"href":"https:\/\/www.sudoestehoje.com.br\/novoportal\/wp-json\/wp\/v2\/users\/2"}],"replies":[{"embeddable":true,"href":"https:\/\/www.sudoestehoje.com.br\/novoportal\/wp-json\/wp\/v2\/comments?post=114616"}],"version-history":[{"count":4,"href":"https:\/\/www.sudoestehoje.com.br\/novoportal\/wp-json\/wp\/v2\/posts\/114616\/revisions"}],"predecessor-version":[{"id":114621,"href":"https:\/\/www.sudoestehoje.com.br\/novoportal\/wp-json\/wp\/v2\/posts\/114616\/revisions\/114621"}],"wp:featuredmedia":[{"embeddable":true,"href":"https:\/\/www.sudoestehoje.com.br\/novoportal\/wp-json\/wp\/v2\/media\/114617"}],"wp:attachment":[{"href":"https:\/\/www.sudoestehoje.com.br\/novoportal\/wp-json\/wp\/v2\/media?parent=114616"}],"wp:term":[{"taxonomy":"category","embeddable":true,"href":"https:\/\/www.sudoestehoje.com.br\/novoportal\/wp-json\/wp\/v2\/categories?post=114616"},{"taxonomy":"post_tag","embeddable":true,"href":"https:\/\/www.sudoestehoje.com.br\/novoportal\/wp-json\/wp\/v2\/tags?post=114616"}],"curies":[{"name":"wp","href":"https:\/\/api.w.org\/{rel}","templated":true}]}}