
{"id":114599,"date":"2024-01-06T06:52:08","date_gmt":"2024-01-06T09:52:08","guid":{"rendered":"https:\/\/www.sudoestehoje.com.br\/novoportal\/?p=114599"},"modified":"2024-01-06T06:52:08","modified_gmt":"2024-01-06T09:52:08","slug":"itapetinga-inscricoes-abertas-para-o-festival-de-talentos-de-8-a-26-de-janeiro","status":"publish","type":"post","link":"https:\/\/www.sudoestehoje.com.br\/novoportal\/2024\/01\/06\/itapetinga-inscricoes-abertas-para-o-festival-de-talentos-de-8-a-26-de-janeiro\/","title":{"rendered":"ITAPETINGA | INSCRI\u00c7\u00d5ES ABERTAS PARA O FESTIVAL DE TALENTOS &#8211; DE 8 A 26 DE JANEIRO"},"content":{"rendered":"<p><img loading=\"lazy\" decoding=\"async\" class=\"alignnone  wp-image-114602\" src=\"https:\/\/www.sudoestehoje.com.br\/novoportal\/wp-content\/uploads\/2024\/01\/WhatsApp-Image-2024-01-05-at-18.33.39-990x1237-1-600x750.jpeg\" alt=\"\" width=\"550\" height=\"688\" srcset=\"https:\/\/www.sudoestehoje.com.br\/novoportal\/wp-content\/uploads\/2024\/01\/WhatsApp-Image-2024-01-05-at-18.33.39-990x1237-1-600x750.jpeg 600w, https:\/\/www.sudoestehoje.com.br\/novoportal\/wp-content\/uploads\/2024\/01\/WhatsApp-Image-2024-01-05-at-18.33.39-990x1237-1-700x875.jpeg 700w, https:\/\/www.sudoestehoje.com.br\/novoportal\/wp-content\/uploads\/2024\/01\/WhatsApp-Image-2024-01-05-at-18.33.39-990x1237-1-768x960.jpeg 768w, https:\/\/www.sudoestehoje.com.br\/novoportal\/wp-content\/uploads\/2024\/01\/WhatsApp-Image-2024-01-05-at-18.33.39-990x1237-1.jpeg 990w\" sizes=\"auto, (max-width: 550px) 100vw, 550px\" \/><\/p>\n<p><strong>As inscri\u00e7\u00f5es para o Festival de Talentos das M\u00fasica estar\u00e3o abertas a partir da pr\u00f3xima segunda-feira, 08 de janeiro. Ap\u00f3s o sucesso conquistado em 2023, o Festival volta, mais uma vez, dividido em duas categorias: Kids, para crian\u00e7as at\u00e9 12 anos, e Geral, para adolescentes e maiores de 18 anos.<\/strong><\/p>\n<p><strong>Como ocorreu na \u00faltima edi\u00e7\u00e3o, a disputa ser\u00e1 dividida em 3 etapas: duas fases classificat\u00f3rias e a grande final que acontecer\u00e3o sempre nas noites de s\u00e1bado. Um j\u00fari formado por 5 pessoas, entre artistas, m\u00fasicos e pessoas ligadas \u00e0 cultura em geral, escolher\u00e1 as melhores vozes analisando crit\u00e9rios como afina\u00e7\u00e3o, ritmo e presen\u00e7a de palco.<\/strong><\/p>\n<p><strong>Ao todo, o festival distribuir\u00e1 R$ 18 mil em pr\u00eamios que v\u00e3o de R$ 300,00 a R$ 4.500,00. Ser\u00e3o premiados 12 finalistas da categoria geral e 4 kids.<\/strong><\/p>\n<p><strong>Neste ano, o evento homenagear\u00e1 o maestro Dino Gandra, fundador da Filarm\u00f4nica 12 de Dezembro, artista respons\u00e1vel por influenciar gera\u00e7\u00f5es de m\u00fasicos itapetinguenses.<\/strong><\/p>\n<p><strong>At\u00e9 o dia 26 de janeiro, os interessados poder\u00e3o inscrever-se, imprimindo ficha de inscri\u00e7\u00e3o no site oficial do munic\u00edpio (itapetinga.ba.gov.br) e entregando-a, junto com seus documentos pessoais e grava\u00e7\u00e3o em MP3 das m\u00fasicas que ser\u00e3o apresentadas nas fase classificat\u00f3ria e final, na sede da Assessoria Especial de Pol\u00edticas Culturais.<\/strong><\/p>\n","protected":false},"excerpt":{"rendered":"<p>As inscri\u00e7\u00f5es para o Festival de Talentos das M\u00fasica estar\u00e3o abertas a partir da pr\u00f3xima segunda-feira, 08 de janeiro. Ap\u00f3s o sucesso conquistado em 2023, o Festival volta, mais uma vez, dividido em duas categorias: Kids, para crian\u00e7as at\u00e9 12 anos, e Geral, para adolescentes e maiores de 18 anos. Como ocorreu na \u00faltima edi\u00e7\u00e3o, [&hellip;]<\/p>\n","protected":false},"author":2,"featured_media":114602,"comment_status":"closed","ping_status":"open","sticky":false,"template":"","format":"standard","meta":{"footnotes":"","_links_to":"","_links_to_target":""},"categories":[1],"tags":[],"class_list":["post-114599","post","type-post","status-publish","format-standard","has-post-thumbnail","hentry","category-geral"],"views":641,"_links":{"self":[{"href":"https:\/\/www.sudoestehoje.com.br\/novoportal\/wp-json\/wp\/v2\/posts\/114599","targetHints":{"allow":["GET"]}}],"collection":[{"href":"https:\/\/www.sudoestehoje.com.br\/novoportal\/wp-json\/wp\/v2\/posts"}],"about":[{"href":"https:\/\/www.sudoestehoje.com.br\/novoportal\/wp-json\/wp\/v2\/types\/post"}],"author":[{"embeddable":true,"href":"https:\/\/www.sudoestehoje.com.br\/novoportal\/wp-json\/wp\/v2\/users\/2"}],"replies":[{"embeddable":true,"href":"https:\/\/www.sudoestehoje.com.br\/novoportal\/wp-json\/wp\/v2\/comments?post=114599"}],"version-history":[{"count":3,"href":"https:\/\/www.sudoestehoje.com.br\/novoportal\/wp-json\/wp\/v2\/posts\/114599\/revisions"}],"predecessor-version":[{"id":114603,"href":"https:\/\/www.sudoestehoje.com.br\/novoportal\/wp-json\/wp\/v2\/posts\/114599\/revisions\/114603"}],"wp:featuredmedia":[{"embeddable":true,"href":"https:\/\/www.sudoestehoje.com.br\/novoportal\/wp-json\/wp\/v2\/media\/114602"}],"wp:attachment":[{"href":"https:\/\/www.sudoestehoje.com.br\/novoportal\/wp-json\/wp\/v2\/media?parent=114599"}],"wp:term":[{"taxonomy":"category","embeddable":true,"href":"https:\/\/www.sudoestehoje.com.br\/novoportal\/wp-json\/wp\/v2\/categories?post=114599"},{"taxonomy":"post_tag","embeddable":true,"href":"https:\/\/www.sudoestehoje.com.br\/novoportal\/wp-json\/wp\/v2\/tags?post=114599"}],"curies":[{"name":"wp","href":"https:\/\/api.w.org\/{rel}","templated":true}]}}