
{"id":114593,"date":"2024-01-06T06:43:11","date_gmt":"2024-01-06T09:43:11","guid":{"rendered":"https:\/\/www.sudoestehoje.com.br\/novoportal\/?p=114593"},"modified":"2024-01-06T06:43:11","modified_gmt":"2024-01-06T09:43:11","slug":"rio-de-janeiro-morre-zagallo-unico-tecnico-tetracampeao-do-mundo","status":"publish","type":"post","link":"https:\/\/www.sudoestehoje.com.br\/novoportal\/2024\/01\/06\/rio-de-janeiro-morre-zagallo-unico-tecnico-tetracampeao-do-mundo\/","title":{"rendered":"RIO DE JANEIRO | MORRE ZAGALLO, \u00daNICO T\u00c9CNICO TETRACAMPE\u00c3O DO MUNDO"},"content":{"rendered":"<div id=\"chunk-f4hse\">\n<div class=\"mc-column content-text active-extra-styles \" data-block-type=\"unstyled\" data-block-weight=\"40\" data-block-id=\"2\">\n<p data-track-category=\"Link no Texto\" data-track-links=\"\"><img loading=\"lazy\" decoding=\"async\" class=\"alignnone  wp-image-114596\" src=\"https:\/\/www.sudoestehoje.com.br\/novoportal\/wp-content\/uploads\/2024\/01\/41282781270_709fcf7567_k-e1659994266539-600x384.webp\" alt=\"\" width=\"550\" height=\"352\" srcset=\"https:\/\/www.sudoestehoje.com.br\/novoportal\/wp-content\/uploads\/2024\/01\/41282781270_709fcf7567_k-e1659994266539-600x384.webp 600w, https:\/\/www.sudoestehoje.com.br\/novoportal\/wp-content\/uploads\/2024\/01\/41282781270_709fcf7567_k-e1659994266539-700x448.webp 700w, https:\/\/www.sudoestehoje.com.br\/novoportal\/wp-content\/uploads\/2024\/01\/41282781270_709fcf7567_k-e1659994266539-768x492.webp 768w, https:\/\/www.sudoestehoje.com.br\/novoportal\/wp-content\/uploads\/2024\/01\/41282781270_709fcf7567_k-e1659994266539.webp 1200w\" sizes=\"auto, (max-width: 550px) 100vw, 550px\" \/><\/p>\n<p class=\" content-text__container \" data-track-category=\"Link no Texto\" data-track-links=\"\"><strong>A lenda\u00a0M\u00e1rio Jorge Lobo Zagallo, o \u00fanico tetracampe\u00e3o mundial de futebol, morreu no\u00a0Rio de Janeiro, aos 92 anos, nesta sexta-feira (5). A informa\u00e7\u00e3o foi confirmada pela assessoria do ex-jogador. Zagallo \u00e9 uma das maiores lendas do futebol brasileiro.<\/strong><\/p>\n<\/div>\n<\/div>\n<div class=\"wall protected-content\">\n<div id=\"chunk-cl7ln\">\n<div class=\"mc-column content-text active-extra-styles \" data-block-type=\"unstyled\" data-block-weight=\"29\" data-block-id=\"4\">\n<p class=\" content-text__container \" data-track-category=\"Link no Texto\" data-track-links=\"\"><strong>Zagallo estava internado desde o fim de dezembro em um hospital do Rio de Janeiro. De acordo com o\u00a0ge, a causa da morte foi\u00a0fal\u00eancia m\u00faltipla dos \u00f3rg\u00e3os.<\/strong><\/p>\n<\/div>\n<\/div>\n<div id=\"chunk-ctocb\">\n<div class=\"mc-column content-text active-extra-styles \" data-block-type=\"unstyled\" data-block-weight=\"23\" data-block-id=\"5\">\n<p class=\" content-text__container \" data-track-category=\"Link no Texto\" data-track-links=\"\"><strong>&#8220;\u00c9 com enorme pesar que informamos o falecimento de nosso eterno tetracampe\u00e3o mundial Mario Jorge Lobo Zagallo&#8221;, diz a nota publicada pela fam\u00edlia.<\/strong><\/p>\n<\/div>\n<\/div>\n<\/div>\n","protected":false},"excerpt":{"rendered":"<p>A lenda\u00a0M\u00e1rio Jorge Lobo Zagallo, o \u00fanico tetracampe\u00e3o mundial de futebol, morreu no\u00a0Rio de Janeiro, aos 92 anos, nesta sexta-feira (5). A informa\u00e7\u00e3o foi confirmada pela assessoria do ex-jogador. Zagallo \u00e9 uma das maiores lendas do futebol brasileiro. Zagallo estava internado desde o fim de dezembro em um hospital do Rio de Janeiro. De acordo [&hellip;]<\/p>\n","protected":false},"author":2,"featured_media":114596,"comment_status":"closed","ping_status":"open","sticky":false,"template":"","format":"standard","meta":{"footnotes":"","_links_to":"","_links_to_target":""},"categories":[1],"tags":[],"class_list":["post-114593","post","type-post","status-publish","format-standard","has-post-thumbnail","hentry","category-geral"],"views":951,"_links":{"self":[{"href":"https:\/\/www.sudoestehoje.com.br\/novoportal\/wp-json\/wp\/v2\/posts\/114593","targetHints":{"allow":["GET"]}}],"collection":[{"href":"https:\/\/www.sudoestehoje.com.br\/novoportal\/wp-json\/wp\/v2\/posts"}],"about":[{"href":"https:\/\/www.sudoestehoje.com.br\/novoportal\/wp-json\/wp\/v2\/types\/post"}],"author":[{"embeddable":true,"href":"https:\/\/www.sudoestehoje.com.br\/novoportal\/wp-json\/wp\/v2\/users\/2"}],"replies":[{"embeddable":true,"href":"https:\/\/www.sudoestehoje.com.br\/novoportal\/wp-json\/wp\/v2\/comments?post=114593"}],"version-history":[{"count":4,"href":"https:\/\/www.sudoestehoje.com.br\/novoportal\/wp-json\/wp\/v2\/posts\/114593\/revisions"}],"predecessor-version":[{"id":114598,"href":"https:\/\/www.sudoestehoje.com.br\/novoportal\/wp-json\/wp\/v2\/posts\/114593\/revisions\/114598"}],"wp:featuredmedia":[{"embeddable":true,"href":"https:\/\/www.sudoestehoje.com.br\/novoportal\/wp-json\/wp\/v2\/media\/114596"}],"wp:attachment":[{"href":"https:\/\/www.sudoestehoje.com.br\/novoportal\/wp-json\/wp\/v2\/media?parent=114593"}],"wp:term":[{"taxonomy":"category","embeddable":true,"href":"https:\/\/www.sudoestehoje.com.br\/novoportal\/wp-json\/wp\/v2\/categories?post=114593"},{"taxonomy":"post_tag","embeddable":true,"href":"https:\/\/www.sudoestehoje.com.br\/novoportal\/wp-json\/wp\/v2\/tags?post=114593"}],"curies":[{"name":"wp","href":"https:\/\/api.w.org\/{rel}","templated":true}]}}