
{"id":114589,"date":"2024-01-05T20:24:56","date_gmt":"2024-01-05T23:24:56","guid":{"rendered":"https:\/\/www.sudoestehoje.com.br\/novoportal\/?p=114589"},"modified":"2024-01-05T20:34:16","modified_gmt":"2024-01-05T23:34:16","slug":"itarantim-pre-candidato-felipe-freire-repudia-ataques-de-prefeito-embiagado","status":"publish","type":"post","link":"https:\/\/www.sudoestehoje.com.br\/novoportal\/2024\/01\/05\/itarantim-pre-candidato-felipe-freire-repudia-ataques-de-prefeito-embiagado\/","title":{"rendered":"ITARANTIM | PR\u00c9-CANDIDATO FELIPE FREIRE REPUDIA ATAQUES DE PREFEITO EMBRIAGADO"},"content":{"rendered":"<p><img loading=\"lazy\" decoding=\"async\" class=\"alignnone wp-image-114590\" src=\"https:\/\/www.sudoestehoje.com.br\/novoportal\/wp-content\/uploads\/2024\/01\/FELIPE-600x600.jpg\" alt=\"\" width=\"550\" height=\"550\" srcset=\"https:\/\/www.sudoestehoje.com.br\/novoportal\/wp-content\/uploads\/2024\/01\/FELIPE-600x600.jpg 600w, https:\/\/www.sudoestehoje.com.br\/novoportal\/wp-content\/uploads\/2024\/01\/FELIPE-700x700.jpg 700w, https:\/\/www.sudoestehoje.com.br\/novoportal\/wp-content\/uploads\/2024\/01\/FELIPE-150x150.jpg 150w, https:\/\/www.sudoestehoje.com.br\/novoportal\/wp-content\/uploads\/2024\/01\/FELIPE-768x768.jpg 768w, https:\/\/www.sudoestehoje.com.br\/novoportal\/wp-content\/uploads\/2024\/01\/FELIPE.jpg 892w\" sizes=\"auto, (max-width: 550px) 100vw, 550px\" \/><\/p>\n<p><em><strong>NOTA DE ESCLARECIMENTO E REP\u00daDIO<\/strong><\/em><\/p>\n<p><em><strong>\u00c9 de conhecimento p\u00fablico os fatos ocorridos ontem \u00e0 noite em Itarantim envolvendo o atual prefeito da cidade. Como todos viram nos v\u00eddeos que circulam em todas as redes sociais e na m\u00eddia estadual, fui desrespeitado e afrontado em pra\u00e7a p\u00fablica pelo prefeito, pelo simples fato de estar sendo cogitado para uma poss\u00edvel candidatura a prefeito nas elei\u00e7\u00f5es desse ano. De acordo com sondagens e durante as atividades do dia a dia, a aceita\u00e7\u00e3o da pr\u00e9 candidatura \u00e9 not\u00f3ria, e isso tem incomodado o chefe do executivo a ponto de promover cenas lament\u00e1veis como as vistas na \u00faltima noite. Postura essa n\u00e3o condizente pra algu\u00e9m que comanda uma cidade com mais de 17 mil habitantes. Diante de situa\u00e7\u00f5es como essas busco sempre me remeter a maneira como fui criado, educado e como conduzo minha vida, sempre prezando pelo respeito ao pr\u00f3ximo e seguindo os preceitos da minha igreja. Vamos continuar na luta, sonhando que Itarantim pode mais. Deus aben\u00e7oe \u00e0 todos.<\/strong><\/em><\/p>\n","protected":false},"excerpt":{"rendered":"<p>NOTA DE ESCLARECIMENTO E REP\u00daDIO \u00c9 de conhecimento p\u00fablico os fatos ocorridos ontem \u00e0 noite em Itarantim envolvendo o atual prefeito da cidade. Como todos viram nos v\u00eddeos que circulam em todas as redes sociais e na m\u00eddia estadual, fui desrespeitado e afrontado em pra\u00e7a p\u00fablica pelo prefeito, pelo simples fato de estar sendo cogitado [&hellip;]<\/p>\n","protected":false},"author":2,"featured_media":114590,"comment_status":"closed","ping_status":"open","sticky":false,"template":"","format":"standard","meta":{"footnotes":"","_links_to":"","_links_to_target":""},"categories":[1],"tags":[],"class_list":["post-114589","post","type-post","status-publish","format-standard","has-post-thumbnail","hentry","category-geral"],"views":1833,"_links":{"self":[{"href":"https:\/\/www.sudoestehoje.com.br\/novoportal\/wp-json\/wp\/v2\/posts\/114589","targetHints":{"allow":["GET"]}}],"collection":[{"href":"https:\/\/www.sudoestehoje.com.br\/novoportal\/wp-json\/wp\/v2\/posts"}],"about":[{"href":"https:\/\/www.sudoestehoje.com.br\/novoportal\/wp-json\/wp\/v2\/types\/post"}],"author":[{"embeddable":true,"href":"https:\/\/www.sudoestehoje.com.br\/novoportal\/wp-json\/wp\/v2\/users\/2"}],"replies":[{"embeddable":true,"href":"https:\/\/www.sudoestehoje.com.br\/novoportal\/wp-json\/wp\/v2\/comments?post=114589"}],"version-history":[{"count":2,"href":"https:\/\/www.sudoestehoje.com.br\/novoportal\/wp-json\/wp\/v2\/posts\/114589\/revisions"}],"predecessor-version":[{"id":114592,"href":"https:\/\/www.sudoestehoje.com.br\/novoportal\/wp-json\/wp\/v2\/posts\/114589\/revisions\/114592"}],"wp:featuredmedia":[{"embeddable":true,"href":"https:\/\/www.sudoestehoje.com.br\/novoportal\/wp-json\/wp\/v2\/media\/114590"}],"wp:attachment":[{"href":"https:\/\/www.sudoestehoje.com.br\/novoportal\/wp-json\/wp\/v2\/media?parent=114589"}],"wp:term":[{"taxonomy":"category","embeddable":true,"href":"https:\/\/www.sudoestehoje.com.br\/novoportal\/wp-json\/wp\/v2\/categories?post=114589"},{"taxonomy":"post_tag","embeddable":true,"href":"https:\/\/www.sudoestehoje.com.br\/novoportal\/wp-json\/wp\/v2\/tags?post=114589"}],"curies":[{"name":"wp","href":"https:\/\/api.w.org\/{rel}","templated":true}]}}