
{"id":114581,"date":"2024-01-03T19:27:29","date_gmt":"2024-01-03T22:27:29","guid":{"rendered":"https:\/\/www.sudoestehoje.com.br\/novoportal\/?p=114581"},"modified":"2024-01-03T19:29:58","modified_gmt":"2024-01-03T22:29:58","slug":"camacan-acidente-envolvendo-carro-de-passeio-e-onibus-na-br-101-deixa-um-morto","status":"publish","type":"post","link":"https:\/\/www.sudoestehoje.com.br\/novoportal\/2024\/01\/03\/camacan-acidente-envolvendo-carro-de-passeio-e-onibus-na-br-101-deixa-um-morto\/","title":{"rendered":"CAMACAN: ACIDENTE ENVOLVENDO CARRO DE PASSEIO E \u00d4NIBUS NA BR-101 DEIXA UM MORTO"},"content":{"rendered":"<p><img loading=\"lazy\" decoding=\"async\" class=\"alignnone wp-image-114582\" src=\"https:\/\/www.sudoestehoje.com.br\/novoportal\/wp-content\/uploads\/2024\/01\/20240103_042918.webp\" alt=\"\" width=\"551\" height=\"370\" \/><\/p>\n<p><strong>Um acidente envolvendo um \u00f4nibus de viagem e um carro de passeio na BR-101, pr\u00f3ximo ao munic\u00edpio de Camacan, deixou uma v\u00edtima fatal na madrugada desta quarta-feira (3). Segundo informa\u00e7\u00f5es da PRF, o ve\u00edculo de passeio adentrou na m\u00e3o contr\u00e1ria quando colidiu com o \u00f4nibus.<\/strong><\/p>\n<p><strong>A v\u00edtima fatal foi identificada como Carlos Ant\u00f4nio Alves Souza, de 70 anos. No carro tamb\u00e9m estava duas crian\u00e7as, uma de 5 e outra de 12 anos e uma mulher, que foram socorridos para o Hospital de Base Lu\u00eds Eduardo Magalh\u00e3es, em Itabuna.<\/strong><\/p>\n<p><strong>O ve\u00edculo de passeio tem a placa registrada no munic\u00edpio de Cruz das Almas. As roupas ficaram espalhadas na via. Nenhum passageiro do \u00f4nibus ficou ferido com o impacto. Com informa\u00e7\u00f5es do site Verdinho Itabuna.<\/strong><\/p>\n","protected":false},"excerpt":{"rendered":"<p>Um acidente envolvendo um \u00f4nibus de viagem e um carro de passeio na BR-101, pr\u00f3ximo ao munic\u00edpio de Camacan, deixou uma v\u00edtima fatal na madrugada desta quarta-feira (3). Segundo informa\u00e7\u00f5es da PRF, o ve\u00edculo de passeio adentrou na m\u00e3o contr\u00e1ria quando colidiu com o \u00f4nibus. A v\u00edtima fatal foi identificada como Carlos Ant\u00f4nio Alves Souza, [&hellip;]<\/p>\n","protected":false},"author":2,"featured_media":114582,"comment_status":"closed","ping_status":"open","sticky":false,"template":"","format":"standard","meta":{"footnotes":"","_links_to":"","_links_to_target":""},"categories":[1],"tags":[],"class_list":["post-114581","post","type-post","status-publish","format-standard","has-post-thumbnail","hentry","category-geral"],"views":1487,"_links":{"self":[{"href":"https:\/\/www.sudoestehoje.com.br\/novoportal\/wp-json\/wp\/v2\/posts\/114581","targetHints":{"allow":["GET"]}}],"collection":[{"href":"https:\/\/www.sudoestehoje.com.br\/novoportal\/wp-json\/wp\/v2\/posts"}],"about":[{"href":"https:\/\/www.sudoestehoje.com.br\/novoportal\/wp-json\/wp\/v2\/types\/post"}],"author":[{"embeddable":true,"href":"https:\/\/www.sudoestehoje.com.br\/novoportal\/wp-json\/wp\/v2\/users\/2"}],"replies":[{"embeddable":true,"href":"https:\/\/www.sudoestehoje.com.br\/novoportal\/wp-json\/wp\/v2\/comments?post=114581"}],"version-history":[{"count":1,"href":"https:\/\/www.sudoestehoje.com.br\/novoportal\/wp-json\/wp\/v2\/posts\/114581\/revisions"}],"predecessor-version":[{"id":114583,"href":"https:\/\/www.sudoestehoje.com.br\/novoportal\/wp-json\/wp\/v2\/posts\/114581\/revisions\/114583"}],"wp:featuredmedia":[{"embeddable":true,"href":"https:\/\/www.sudoestehoje.com.br\/novoportal\/wp-json\/wp\/v2\/media\/114582"}],"wp:attachment":[{"href":"https:\/\/www.sudoestehoje.com.br\/novoportal\/wp-json\/wp\/v2\/media?parent=114581"}],"wp:term":[{"taxonomy":"category","embeddable":true,"href":"https:\/\/www.sudoestehoje.com.br\/novoportal\/wp-json\/wp\/v2\/categories?post=114581"},{"taxonomy":"post_tag","embeddable":true,"href":"https:\/\/www.sudoestehoje.com.br\/novoportal\/wp-json\/wp\/v2\/tags?post=114581"}],"curies":[{"name":"wp","href":"https:\/\/api.w.org\/{rel}","templated":true}]}}