
{"id":114576,"date":"2024-01-03T18:39:17","date_gmt":"2024-01-03T21:39:17","guid":{"rendered":"https:\/\/www.sudoestehoje.com.br\/novoportal\/?p=114576"},"modified":"2024-01-03T18:39:17","modified_gmt":"2024-01-03T21:39:17","slug":"preco-da-gasolina-subiu-125-em-2023","status":"publish","type":"post","link":"https:\/\/www.sudoestehoje.com.br\/novoportal\/2024\/01\/03\/preco-da-gasolina-subiu-125-em-2023\/","title":{"rendered":"PRE\u00c7O DA GASOLINA SUBIU 12,5% EM 2023"},"content":{"rendered":"<p data-sourcepos=\"5:1-5:277\"><img loading=\"lazy\" decoding=\"async\" class=\"alignnone  wp-image-114578\" src=\"https:\/\/www.sudoestehoje.com.br\/novoportal\/wp-content\/uploads\/2024\/01\/shutterstock_339529217_Easy-Resize.com_-600x450.jpg\" alt=\"\" width=\"551\" height=\"413\" srcset=\"https:\/\/www.sudoestehoje.com.br\/novoportal\/wp-content\/uploads\/2024\/01\/shutterstock_339529217_Easy-Resize.com_-600x450.jpg 600w, https:\/\/www.sudoestehoje.com.br\/novoportal\/wp-content\/uploads\/2024\/01\/shutterstock_339529217_Easy-Resize.com_-700x526.jpg 700w, https:\/\/www.sudoestehoje.com.br\/novoportal\/wp-content\/uploads\/2024\/01\/shutterstock_339529217_Easy-Resize.com_-768x577.jpg 768w, https:\/\/www.sudoestehoje.com.br\/novoportal\/wp-content\/uploads\/2024\/01\/shutterstock_339529217_Easy-Resize.com_.jpg 1280w\" sizes=\"auto, (max-width: 551px) 100vw, 551px\" \/><\/p>\n<p data-sourcepos=\"5:1-5:277\"><strong>O pre\u00e7o m\u00e9dio da gasolina nos postos do pa\u00eds aumentou 12,5% em 2023, enquanto o diesel e o etanol tiveram quedas de 6,24% e 11,6%, respectivamente. \u00c9 o que mostram dados da Ag\u00eancia Nacional do Petr\u00f3leo, G\u00e1s Natural e Biocombust\u00edveis (ANP), divulgados na \u00faltima ter\u00e7a-feira (2).<\/strong><\/p>\n<p data-sourcepos=\"7:1-7:229\"><strong>A varia\u00e7\u00e3o nos pre\u00e7os dos combust\u00edveis foi influenciada por diversos fatores, incluindo a retomada de impostos federais sobre os combust\u00edveis, a cota\u00e7\u00e3o internacional do petr\u00f3leo, o c\u00e2mbio e os reajustes de pre\u00e7os pela Petrobras.<\/strong><\/p>\n<p data-sourcepos=\"9:1-9:275\"><strong>No caso da gasolina, a retomada de PIS\/Cofins em junho de 2023 foi o principal fator que pressionou os pre\u00e7os nas bombas. O imposto federal foi zerado em 2022 pelo governo Bolsonaro, em um contexto de escalada de pre\u00e7os nas bombas e de proximidade das elei\u00e7\u00f5es presidenciais.<\/strong><\/p>\n","protected":false},"excerpt":{"rendered":"<p>O pre\u00e7o m\u00e9dio da gasolina nos postos do pa\u00eds aumentou 12,5% em 2023, enquanto o diesel e o etanol tiveram quedas de 6,24% e 11,6%, respectivamente. \u00c9 o que mostram dados da Ag\u00eancia Nacional do Petr\u00f3leo, G\u00e1s Natural e Biocombust\u00edveis (ANP), divulgados na \u00faltima ter\u00e7a-feira (2). A varia\u00e7\u00e3o nos pre\u00e7os dos combust\u00edveis foi influenciada por [&hellip;]<\/p>\n","protected":false},"author":2,"featured_media":114578,"comment_status":"closed","ping_status":"open","sticky":false,"template":"","format":"standard","meta":{"footnotes":"","_links_to":"","_links_to_target":""},"categories":[1],"tags":[],"class_list":["post-114576","post","type-post","status-publish","format-standard","has-post-thumbnail","hentry","category-geral"],"views":636,"_links":{"self":[{"href":"https:\/\/www.sudoestehoje.com.br\/novoportal\/wp-json\/wp\/v2\/posts\/114576","targetHints":{"allow":["GET"]}}],"collection":[{"href":"https:\/\/www.sudoestehoje.com.br\/novoportal\/wp-json\/wp\/v2\/posts"}],"about":[{"href":"https:\/\/www.sudoestehoje.com.br\/novoportal\/wp-json\/wp\/v2\/types\/post"}],"author":[{"embeddable":true,"href":"https:\/\/www.sudoestehoje.com.br\/novoportal\/wp-json\/wp\/v2\/users\/2"}],"replies":[{"embeddable":true,"href":"https:\/\/www.sudoestehoje.com.br\/novoportal\/wp-json\/wp\/v2\/comments?post=114576"}],"version-history":[{"count":3,"href":"https:\/\/www.sudoestehoje.com.br\/novoportal\/wp-json\/wp\/v2\/posts\/114576\/revisions"}],"predecessor-version":[{"id":114580,"href":"https:\/\/www.sudoestehoje.com.br\/novoportal\/wp-json\/wp\/v2\/posts\/114576\/revisions\/114580"}],"wp:featuredmedia":[{"embeddable":true,"href":"https:\/\/www.sudoestehoje.com.br\/novoportal\/wp-json\/wp\/v2\/media\/114578"}],"wp:attachment":[{"href":"https:\/\/www.sudoestehoje.com.br\/novoportal\/wp-json\/wp\/v2\/media?parent=114576"}],"wp:term":[{"taxonomy":"category","embeddable":true,"href":"https:\/\/www.sudoestehoje.com.br\/novoportal\/wp-json\/wp\/v2\/categories?post=114576"},{"taxonomy":"post_tag","embeddable":true,"href":"https:\/\/www.sudoestehoje.com.br\/novoportal\/wp-json\/wp\/v2\/tags?post=114576"}],"curies":[{"name":"wp","href":"https:\/\/api.w.org\/{rel}","templated":true}]}}