
{"id":114548,"date":"2024-01-02T09:49:58","date_gmt":"2024-01-02T12:49:58","guid":{"rendered":"https:\/\/www.sudoestehoje.com.br\/novoportal\/?p=114548"},"modified":"2024-01-02T09:49:58","modified_gmt":"2024-01-02T12:49:58","slug":"comecou-gas-de-cozinha-sofre-reajuste-e-fica-mais-caro-na-bahia","status":"publish","type":"post","link":"https:\/\/www.sudoestehoje.com.br\/novoportal\/2024\/01\/02\/comecou-gas-de-cozinha-sofre-reajuste-e-fica-mais-caro-na-bahia\/","title":{"rendered":"COME\u00c7OU ! G\u00c1S DE COZINHA SOFRE REAJUSTE E FICA MAIS CARO NA BAHIA"},"content":{"rendered":"<p><img loading=\"lazy\" decoding=\"async\" class=\"alignnone  wp-image-114550\" src=\"https:\/\/www.sudoestehoje.com.br\/novoportal\/wp-content\/uploads\/2024\/01\/nCtsv-diferenca-de-preco-do-gas-de-cozinha-chega-a-18-em-maringa-600x343.webp\" alt=\"\" width=\"549\" height=\"314\" srcset=\"https:\/\/www.sudoestehoje.com.br\/novoportal\/wp-content\/uploads\/2024\/01\/nCtsv-diferenca-de-preco-do-gas-de-cozinha-chega-a-18-em-maringa-600x343.webp 600w, https:\/\/www.sudoestehoje.com.br\/novoportal\/wp-content\/uploads\/2024\/01\/nCtsv-diferenca-de-preco-do-gas-de-cozinha-chega-a-18-em-maringa-700x400.webp 700w, https:\/\/www.sudoestehoje.com.br\/novoportal\/wp-content\/uploads\/2024\/01\/nCtsv-diferenca-de-preco-do-gas-de-cozinha-chega-a-18-em-maringa-768x439.webp 768w, https:\/\/www.sudoestehoje.com.br\/novoportal\/wp-content\/uploads\/2024\/01\/nCtsv-diferenca-de-preco-do-gas-de-cozinha-chega-a-18-em-maringa.webp 824w\" sizes=\"auto, (max-width: 549px) 100vw, 549px\" \/><\/p>\n<p><strong>O ano virou e o pre\u00e7o do g\u00e1s de cozinha tamb\u00e9m. A Acelen, empresa que administra a Refinaria Mataripe, anunciou um novo reajuste do produto na venda para as distribuidoras da Bahia.\u00a0<\/strong><\/p>\n<p><strong>A partir desta ter\u00e7a-feira (2), o valor foi alterado em 5,18%. A previs\u00e3o \u00e9 de que o botij\u00e3o fique de R$ 5 a R$ 8 mais caro.\u00a0<\/strong><\/p>\n<p><strong>Segundo estimativa do Sindicato dos Revendedores de G\u00e1s do Estado (SINREVG\u00c1S), o pre\u00e7o m\u00e9dio do botij\u00e3o no estado \u00e9 de R$ 140.<\/strong><\/p>\n<p><strong>De acordo com a Acelen, os pre\u00e7os dos produtos da Refinaria de Mataripe seguem crit\u00e9rios de mercado que levam em considera\u00e7\u00e3o vari\u00e1veis como custo do petr\u00f3leo, que \u00e9 adquirido a pre\u00e7os internacionais; a cota\u00e7\u00e3o do d\u00f3lar e o frete, podendo variar para cima ou para baixo.\u00a0<\/strong><\/p>\n<p><strong>A empresa ressalta que possui uma pol\u00edtica de pre\u00e7os transparente, amparada por crit\u00e9rios t\u00e9cnicos, em conson\u00e2ncia com as pr\u00e1ticas internacionais de mercado.<\/strong><\/p>\n","protected":false},"excerpt":{"rendered":"<p>O ano virou e o pre\u00e7o do g\u00e1s de cozinha tamb\u00e9m. A Acelen, empresa que administra a Refinaria Mataripe, anunciou um novo reajuste do produto na venda para as distribuidoras da Bahia.\u00a0 A partir desta ter\u00e7a-feira (2), o valor foi alterado em 5,18%. A previs\u00e3o \u00e9 de que o botij\u00e3o fique de R$ 5 a [&hellip;]<\/p>\n","protected":false},"author":2,"featured_media":114550,"comment_status":"closed","ping_status":"open","sticky":false,"template":"","format":"standard","meta":{"footnotes":"","_links_to":"","_links_to_target":""},"categories":[1],"tags":[],"class_list":["post-114548","post","type-post","status-publish","format-standard","has-post-thumbnail","hentry","category-geral"],"views":1187,"_links":{"self":[{"href":"https:\/\/www.sudoestehoje.com.br\/novoportal\/wp-json\/wp\/v2\/posts\/114548","targetHints":{"allow":["GET"]}}],"collection":[{"href":"https:\/\/www.sudoestehoje.com.br\/novoportal\/wp-json\/wp\/v2\/posts"}],"about":[{"href":"https:\/\/www.sudoestehoje.com.br\/novoportal\/wp-json\/wp\/v2\/types\/post"}],"author":[{"embeddable":true,"href":"https:\/\/www.sudoestehoje.com.br\/novoportal\/wp-json\/wp\/v2\/users\/2"}],"replies":[{"embeddable":true,"href":"https:\/\/www.sudoestehoje.com.br\/novoportal\/wp-json\/wp\/v2\/comments?post=114548"}],"version-history":[{"count":3,"href":"https:\/\/www.sudoestehoje.com.br\/novoportal\/wp-json\/wp\/v2\/posts\/114548\/revisions"}],"predecessor-version":[{"id":114552,"href":"https:\/\/www.sudoestehoje.com.br\/novoportal\/wp-json\/wp\/v2\/posts\/114548\/revisions\/114552"}],"wp:featuredmedia":[{"embeddable":true,"href":"https:\/\/www.sudoestehoje.com.br\/novoportal\/wp-json\/wp\/v2\/media\/114550"}],"wp:attachment":[{"href":"https:\/\/www.sudoestehoje.com.br\/novoportal\/wp-json\/wp\/v2\/media?parent=114548"}],"wp:term":[{"taxonomy":"category","embeddable":true,"href":"https:\/\/www.sudoestehoje.com.br\/novoportal\/wp-json\/wp\/v2\/categories?post=114548"},{"taxonomy":"post_tag","embeddable":true,"href":"https:\/\/www.sudoestehoje.com.br\/novoportal\/wp-json\/wp\/v2\/tags?post=114548"}],"curies":[{"name":"wp","href":"https:\/\/api.w.org\/{rel}","templated":true}]}}