
{"id":114534,"date":"2023-12-31T10:44:25","date_gmt":"2023-12-31T13:44:25","guid":{"rendered":"https:\/\/www.sudoestehoje.com.br\/novoportal\/?p=114534"},"modified":"2023-12-31T10:44:25","modified_gmt":"2023-12-31T13:44:25","slug":"itapetinga-inicio-da-construcao-do-atakarejo-esta-previsto-para-marco","status":"publish","type":"post","link":"https:\/\/www.sudoestehoje.com.br\/novoportal\/2023\/12\/31\/itapetinga-inicio-da-construcao-do-atakarejo-esta-previsto-para-marco\/","title":{"rendered":"ITAPETINGA | IN\u00cdCIO DA CONSTRU\u00c7\u00c3O DO ATAKAREJO EST\u00c1 PREVISTO PARA MAR\u00c7O"},"content":{"rendered":"<p><img loading=\"lazy\" decoding=\"async\" class=\"alignnone  wp-image-114537\" src=\"https:\/\/www.sudoestehoje.com.br\/novoportal\/wp-content\/uploads\/2023\/12\/1097745-600x373.jpg\" alt=\"\" width=\"549\" height=\"341\" srcset=\"https:\/\/www.sudoestehoje.com.br\/novoportal\/wp-content\/uploads\/2023\/12\/1097745-600x373.jpg 600w, https:\/\/www.sudoestehoje.com.br\/novoportal\/wp-content\/uploads\/2023\/12\/1097745-700x435.jpg 700w, https:\/\/www.sudoestehoje.com.br\/novoportal\/wp-content\/uploads\/2023\/12\/1097745-768x478.jpg 768w, https:\/\/www.sudoestehoje.com.br\/novoportal\/wp-content\/uploads\/2023\/12\/1097745.jpg 1100w\" sizes=\"auto, (max-width: 549px) 100vw, 549px\" \/><\/p>\n<p><strong>Durante o an\u00fancio da implanta\u00e7\u00e3o do Atakad\u00e3o ATAKAREJO em Itapetinga, pelo prefeito Rodrigo Hagge e diretor da empresa, ficou estabelecido o prazo de 6 meses para a sua constru\u00e7\u00e3o, a partir da elabora\u00e7\u00e3o do projeto e outras provid\u00eancias legais.<\/strong><\/p>\n<p><strong>De acordo com informa\u00e7\u00f5es obtidas com exclusividade pelo <span style=\"color: #0000ff;\"><em>Sudoeste Hoje<\/em><\/span>, todas as provid\u00eancias preliminares j\u00e1 est\u00e3o em andamento e o m\u00eas de mar\u00e7o deve ser o prazo razo\u00e1vel para in\u00edcio das obras, com conclus\u00e3o e inaugura\u00e7\u00e3o previstas para meados de setembro.<\/strong><\/p>\n<p><strong>A sele\u00e7\u00e3o de pessoal, segundo informa\u00e7\u00f5es obtidas pelo blog, come\u00e7ar\u00e1 a parir do in\u00edcio de julho.<\/strong><\/p>\n<p><strong>Reda\u00e7\u00e3o SH<\/strong><\/p>\n","protected":false},"excerpt":{"rendered":"<p>Durante o an\u00fancio da implanta\u00e7\u00e3o do Atakad\u00e3o ATAKAREJO em Itapetinga, pelo prefeito Rodrigo Hagge e diretor da empresa, ficou estabelecido o prazo de 6 meses para a sua constru\u00e7\u00e3o, a partir da elabora\u00e7\u00e3o do projeto e outras provid\u00eancias legais. De acordo com informa\u00e7\u00f5es obtidas com exclusividade pelo Sudoeste Hoje, todas as provid\u00eancias preliminares j\u00e1 est\u00e3o [&hellip;]<\/p>\n","protected":false},"author":2,"featured_media":114537,"comment_status":"closed","ping_status":"open","sticky":false,"template":"","format":"standard","meta":{"footnotes":"","_links_to":"","_links_to_target":""},"categories":[1],"tags":[],"class_list":["post-114534","post","type-post","status-publish","format-standard","has-post-thumbnail","hentry","category-geral"],"views":2798,"_links":{"self":[{"href":"https:\/\/www.sudoestehoje.com.br\/novoportal\/wp-json\/wp\/v2\/posts\/114534","targetHints":{"allow":["GET"]}}],"collection":[{"href":"https:\/\/www.sudoestehoje.com.br\/novoportal\/wp-json\/wp\/v2\/posts"}],"about":[{"href":"https:\/\/www.sudoestehoje.com.br\/novoportal\/wp-json\/wp\/v2\/types\/post"}],"author":[{"embeddable":true,"href":"https:\/\/www.sudoestehoje.com.br\/novoportal\/wp-json\/wp\/v2\/users\/2"}],"replies":[{"embeddable":true,"href":"https:\/\/www.sudoestehoje.com.br\/novoportal\/wp-json\/wp\/v2\/comments?post=114534"}],"version-history":[{"count":4,"href":"https:\/\/www.sudoestehoje.com.br\/novoportal\/wp-json\/wp\/v2\/posts\/114534\/revisions"}],"predecessor-version":[{"id":114539,"href":"https:\/\/www.sudoestehoje.com.br\/novoportal\/wp-json\/wp\/v2\/posts\/114534\/revisions\/114539"}],"wp:featuredmedia":[{"embeddable":true,"href":"https:\/\/www.sudoestehoje.com.br\/novoportal\/wp-json\/wp\/v2\/media\/114537"}],"wp:attachment":[{"href":"https:\/\/www.sudoestehoje.com.br\/novoportal\/wp-json\/wp\/v2\/media?parent=114534"}],"wp:term":[{"taxonomy":"category","embeddable":true,"href":"https:\/\/www.sudoestehoje.com.br\/novoportal\/wp-json\/wp\/v2\/categories?post=114534"},{"taxonomy":"post_tag","embeddable":true,"href":"https:\/\/www.sudoestehoje.com.br\/novoportal\/wp-json\/wp\/v2\/tags?post=114534"}],"curies":[{"name":"wp","href":"https:\/\/api.w.org\/{rel}","templated":true}]}}