
{"id":114518,"date":"2023-12-30T10:02:21","date_gmt":"2023-12-30T13:02:21","guid":{"rendered":"https:\/\/www.sudoestehoje.com.br\/novoportal\/?p=114518"},"modified":"2023-12-30T10:02:21","modified_gmt":"2023-12-30T13:02:21","slug":"pedro-tavares-se-destaca-como-o-segundo-parlamentar-com-mais-proposicoes-no-ano","status":"publish","type":"post","link":"https:\/\/www.sudoestehoje.com.br\/novoportal\/2023\/12\/30\/pedro-tavares-se-destaca-como-o-segundo-parlamentar-com-mais-proposicoes-no-ano\/","title":{"rendered":"PEDRO TAVARES SE DESTACA COMO O SEGUNDO PARLAMENTAR COM MAIS PROPOSI\u00c7\u00d5ES NO ANO"},"content":{"rendered":"<p><img loading=\"lazy\" decoding=\"async\" class=\"alignnone  wp-image-114519\" src=\"https:\/\/www.sudoestehoje.com.br\/novoportal\/wp-content\/uploads\/2023\/12\/ffc87e1f-eb9d-4674-b30f-a11a54632054-600x474.jpg\" alt=\"\" width=\"551\" height=\"435\" srcset=\"https:\/\/www.sudoestehoje.com.br\/novoportal\/wp-content\/uploads\/2023\/12\/ffc87e1f-eb9d-4674-b30f-a11a54632054-600x474.jpg 600w, https:\/\/www.sudoestehoje.com.br\/novoportal\/wp-content\/uploads\/2023\/12\/ffc87e1f-eb9d-4674-b30f-a11a54632054-700x553.jpg 700w, https:\/\/www.sudoestehoje.com.br\/novoportal\/wp-content\/uploads\/2023\/12\/ffc87e1f-eb9d-4674-b30f-a11a54632054.jpg 750w\" sizes=\"auto, (max-width: 551px) 100vw, 551px\" \/><\/p>\n<p><strong>Encerrando os trabalhos de 2023, o deputado estadual Pedro Tavares (Uni\u00e3o Brasil), fez um balan\u00e7o positivo das atividades na Assembleia Legislativa da Bahia (ALBA), onde se destacou como um dos parlamentares que mais apresentaram proposi\u00e7\u00f5es este ano. Foram 123 entre indica\u00e7\u00f5es, projetos de lei, mo\u00e7\u00f5es, dessa forma alcan\u00e7ando o segundo lugar, em avalia\u00e7\u00e3o feita pelo site Pol\u00edtica Livre.<\/strong><\/p>\n<p><strong>PL prev\u00ea puni\u00e7\u00e3o contra viol\u00eancia dom\u00e9stica<\/strong><\/p>\n<p><strong>Entre os projetos de lei protocolados pelo deputado, chamou a aten\u00e7\u00e3o a recente proposta que responsabiliza o agressor pelo ressarcimento dos custos relacionados aos servi\u00e7os de sa\u00fade prestados pelo Sistema \u00danico de Sa\u00fade (SUS) \u00e0s v\u00edtimas de viol\u00eancia dom\u00e9stica e familiar.<\/strong><br \/>\n<strong>Conforme a proposi\u00e7\u00e3o, aquele que, por a\u00e7\u00e3o ou omiss\u00e3o, causar les\u00e3o, viol\u00eancia f\u00edsica, sexual ou psicol\u00f3gica \u00e0 mulher, ser\u00e1 obrigado a ressarcir o SUS pelos custos relativos aos servi\u00e7os de sa\u00fade prestados para o total tratamento das v\u00edtimas.<\/strong><\/p>\n<p><strong>Pedidos para Itapetinga<\/strong><\/p>\n<p><strong>O deputado apresentou indica\u00e7\u00e3o ao governo estadual, solicitando ilumina\u00e7\u00e3o na BA-263, entre o trevo da Azaleia e a Pol\u00edcia Rodovi\u00e1ria Estadual, no munic\u00edpio de Itapetinga. No documento, o parlamentar explica que o per\u00edmetro urbano da rodovia fica totalmente escuro \u00e0 noite, contribuindo para ocorr\u00eancia de in\u00fameros acidentes. O deputado apoiou v\u00e1rias obras na cidade. Al\u00e9m disso, conseguiu atrav\u00e9s de emenda impositiva do seu mandato equipamentos para o novo hospital da cidade. Tamb\u00e9m por meio de emenda, conquistou ao lado do prefeito Rodrigo Hagge, novo \u00f4nibus escolar para o munic\u00edpio, al\u00e9m de outros benef\u00edcios.<\/strong><\/p>\n<p><strong>Medidas para enfrentamento da seca<\/strong><\/p>\n<p><strong>Tavares \u00e9 membro das comiss\u00f5es de Agricultura e Pol\u00edtica Rural; Infraestrutura, Desenvolvimento Econ\u00f4mico e Turismo; Defesa do Consumidor e Rela\u00e7\u00f5es de Trabalho. No colegiado de Agricultura, o deputado ressaltou a quest\u00e3o da seca, uma das mais graves da hist\u00f3ria, com cobran\u00e7as ao Governo estadual pela implementa\u00e7\u00e3o de um comit\u00ea de enfrentamento a forte estiagem no estado.<\/strong><\/p>\n","protected":false},"excerpt":{"rendered":"<p>Encerrando os trabalhos de 2023, o deputado estadual Pedro Tavares (Uni\u00e3o Brasil), fez um balan\u00e7o positivo das atividades na Assembleia Legislativa da Bahia (ALBA), onde se destacou como um dos parlamentares que mais apresentaram proposi\u00e7\u00f5es este ano. Foram 123 entre indica\u00e7\u00f5es, projetos de lei, mo\u00e7\u00f5es, dessa forma alcan\u00e7ando o segundo lugar, em avalia\u00e7\u00e3o feita pelo [&hellip;]<\/p>\n","protected":false},"author":2,"featured_media":114519,"comment_status":"closed","ping_status":"open","sticky":false,"template":"","format":"standard","meta":{"footnotes":"","_links_to":"","_links_to_target":""},"categories":[1],"tags":[],"class_list":["post-114518","post","type-post","status-publish","format-standard","has-post-thumbnail","hentry","category-geral"],"views":515,"_links":{"self":[{"href":"https:\/\/www.sudoestehoje.com.br\/novoportal\/wp-json\/wp\/v2\/posts\/114518","targetHints":{"allow":["GET"]}}],"collection":[{"href":"https:\/\/www.sudoestehoje.com.br\/novoportal\/wp-json\/wp\/v2\/posts"}],"about":[{"href":"https:\/\/www.sudoestehoje.com.br\/novoportal\/wp-json\/wp\/v2\/types\/post"}],"author":[{"embeddable":true,"href":"https:\/\/www.sudoestehoje.com.br\/novoportal\/wp-json\/wp\/v2\/users\/2"}],"replies":[{"embeddable":true,"href":"https:\/\/www.sudoestehoje.com.br\/novoportal\/wp-json\/wp\/v2\/comments?post=114518"}],"version-history":[{"count":2,"href":"https:\/\/www.sudoestehoje.com.br\/novoportal\/wp-json\/wp\/v2\/posts\/114518\/revisions"}],"predecessor-version":[{"id":114521,"href":"https:\/\/www.sudoestehoje.com.br\/novoportal\/wp-json\/wp\/v2\/posts\/114518\/revisions\/114521"}],"wp:featuredmedia":[{"embeddable":true,"href":"https:\/\/www.sudoestehoje.com.br\/novoportal\/wp-json\/wp\/v2\/media\/114519"}],"wp:attachment":[{"href":"https:\/\/www.sudoestehoje.com.br\/novoportal\/wp-json\/wp\/v2\/media?parent=114518"}],"wp:term":[{"taxonomy":"category","embeddable":true,"href":"https:\/\/www.sudoestehoje.com.br\/novoportal\/wp-json\/wp\/v2\/categories?post=114518"},{"taxonomy":"post_tag","embeddable":true,"href":"https:\/\/www.sudoestehoje.com.br\/novoportal\/wp-json\/wp\/v2\/tags?post=114518"}],"curies":[{"name":"wp","href":"https:\/\/api.w.org\/{rel}","templated":true}]}}