
{"id":114508,"date":"2023-12-30T08:20:24","date_gmt":"2023-12-30T11:20:24","guid":{"rendered":"https:\/\/www.sudoestehoje.com.br\/novoportal\/?p=114508"},"modified":"2023-12-30T10:04:34","modified_gmt":"2023-12-30T13:04:34","slug":"hospital-cristo-redentor-celebra-resultados-de-2023-em-programacao-especial","status":"publish","type":"post","link":"https:\/\/www.sudoestehoje.com.br\/novoportal\/2023\/12\/30\/hospital-cristo-redentor-celebra-resultados-de-2023-em-programacao-especial\/","title":{"rendered":"HOSPITAL CRISTO REDENTOR CELEBRA RESULTADOS DE 2023 EM PROGRAMA\u00c7\u00c3O ESPECIAL"},"content":{"rendered":"<p><img loading=\"lazy\" decoding=\"async\" class=\"alignnone  wp-image-114515\" src=\"https:\/\/www.sudoestehoje.com.br\/novoportal\/wp-content\/uploads\/2023\/12\/WhatsApp-Image-2023-12-29-at-13.47.38-600x450.jpeg\" alt=\"\" width=\"549\" height=\"412\" srcset=\"https:\/\/www.sudoestehoje.com.br\/novoportal\/wp-content\/uploads\/2023\/12\/WhatsApp-Image-2023-12-29-at-13.47.38-600x450.jpeg 600w, https:\/\/www.sudoestehoje.com.br\/novoportal\/wp-content\/uploads\/2023\/12\/WhatsApp-Image-2023-12-29-at-13.47.38-700x525.jpeg 700w, https:\/\/www.sudoestehoje.com.br\/novoportal\/wp-content\/uploads\/2023\/12\/WhatsApp-Image-2023-12-29-at-13.47.38-768x576.jpeg 768w, https:\/\/www.sudoestehoje.com.br\/novoportal\/wp-content\/uploads\/2023\/12\/WhatsApp-Image-2023-12-29-at-13.47.38.jpeg 1024w\" sizes=\"auto, (max-width: 549px) 100vw, 549px\" \/><\/p>\n<p><strong>A \u00faltima quinta-feira do ano, dia 28 de dezembro, foi marcada pela confraterniza\u00e7\u00e3o dos profissionais que atuam no Hospital Cristo Redentor. A unidade, desde o segundo semestre de 2023, vem ampliando, m\u00eas a m\u00eas, os atendimentos realizados, com qualidade e seguran\u00e7a, consolidando a sua import\u00e2ncia para a popula\u00e7\u00e3o de Itapetinga e regi\u00e3o.<\/strong><\/p>\n<p><strong>\u201cO ano de 2023 foi marcado pelo empenho da equipe, que tornou poss\u00edvel amplo incremento na produ\u00e7\u00e3o da unidade para melhor atender \u00e0s necessidades da popula\u00e7\u00e3o, chegando ao marco de quase 400 cirurgias mensais, al\u00e9m do cuidado voltado \u00e0s pr\u00e1ticas de qualidade e seguran\u00e7a. Agradecemos a cada colaborador e tamb\u00e9m aos membros do corpo cl\u00ednico pelo comprometimento\u201d, afirmou Eduarda Carvalho, gerente da \u00e1rea de qualidade e seguran\u00e7a.<\/strong><\/p>\n<p><strong>A unidade da Funda\u00e7\u00e3o Jos\u00e9 Silveira, tornou-se refer\u00eancia em cirurgias ortop\u00e9dicas e eletivas e tem perspectivas promissoras para o ano de 2024. A assist\u00eancia oportunizada \u00e0 comunidade tem culminado em retornos positivos da popula\u00e7\u00e3o.<\/strong><\/p>\n<p><strong>\u201cEm 2023 enfrentamos grandes desafios e conquistamos in\u00fameras vit\u00f3rias. A palavra para esse t\u00e9rmino de ciclo \u00e9 gratid\u00e3o a Deus e \u00e0 equipe pelo esfor\u00e7o na entrega dos resultados. Para o pr\u00f3ximo ano, nosso profundo desejo \u00e9 que continuemos unidos no mesmo prop\u00f3sito: cuidar da sa\u00fade e promover a\u00e7\u00e3o social com excel\u00eancia, em benef\u00edcio da nossa sociedade\u201d, compartilhou M\u00e1rcia Thyere, assistente social<\/strong>.<\/p>\n","protected":false},"excerpt":{"rendered":"<p>A \u00faltima quinta-feira do ano, dia 28 de dezembro, foi marcada pela confraterniza\u00e7\u00e3o dos profissionais que atuam no Hospital Cristo Redentor. A unidade, desde o segundo semestre de 2023, vem ampliando, m\u00eas a m\u00eas, os atendimentos realizados, com qualidade e seguran\u00e7a, consolidando a sua import\u00e2ncia para a popula\u00e7\u00e3o de Itapetinga e regi\u00e3o. \u201cO ano de [&hellip;]<\/p>\n","protected":false},"author":2,"featured_media":0,"comment_status":"closed","ping_status":"open","sticky":false,"template":"","format":"standard","meta":{"footnotes":"","_links_to":"","_links_to_target":""},"categories":[1],"tags":[],"class_list":["post-114508","post","type-post","status-publish","format-standard","hentry","category-geral"],"views":558,"_links":{"self":[{"href":"https:\/\/www.sudoestehoje.com.br\/novoportal\/wp-json\/wp\/v2\/posts\/114508","targetHints":{"allow":["GET"]}}],"collection":[{"href":"https:\/\/www.sudoestehoje.com.br\/novoportal\/wp-json\/wp\/v2\/posts"}],"about":[{"href":"https:\/\/www.sudoestehoje.com.br\/novoportal\/wp-json\/wp\/v2\/types\/post"}],"author":[{"embeddable":true,"href":"https:\/\/www.sudoestehoje.com.br\/novoportal\/wp-json\/wp\/v2\/users\/2"}],"replies":[{"embeddable":true,"href":"https:\/\/www.sudoestehoje.com.br\/novoportal\/wp-json\/wp\/v2\/comments?post=114508"}],"version-history":[{"count":4,"href":"https:\/\/www.sudoestehoje.com.br\/novoportal\/wp-json\/wp\/v2\/posts\/114508\/revisions"}],"predecessor-version":[{"id":114522,"href":"https:\/\/www.sudoestehoje.com.br\/novoportal\/wp-json\/wp\/v2\/posts\/114508\/revisions\/114522"}],"wp:attachment":[{"href":"https:\/\/www.sudoestehoje.com.br\/novoportal\/wp-json\/wp\/v2\/media?parent=114508"}],"wp:term":[{"taxonomy":"category","embeddable":true,"href":"https:\/\/www.sudoestehoje.com.br\/novoportal\/wp-json\/wp\/v2\/categories?post=114508"},{"taxonomy":"post_tag","embeddable":true,"href":"https:\/\/www.sudoestehoje.com.br\/novoportal\/wp-json\/wp\/v2\/tags?post=114508"}],"curies":[{"name":"wp","href":"https:\/\/api.w.org\/{rel}","templated":true}]}}