
{"id":114502,"date":"2023-12-28T22:32:10","date_gmt":"2023-12-29T01:32:10","guid":{"rendered":"https:\/\/www.sudoestehoje.com.br\/novoportal\/?p=114502"},"modified":"2023-12-28T22:33:01","modified_gmt":"2023-12-29T01:33:01","slug":"falso-medico-e-preso-em-flagrante-ao-tentar-fugir-de-hospital-em-itagimiim","status":"publish","type":"post","link":"https:\/\/www.sudoestehoje.com.br\/novoportal\/2023\/12\/28\/falso-medico-e-preso-em-flagrante-ao-tentar-fugir-de-hospital-em-itagimiim\/","title":{"rendered":"FALSO M\u00c9DICO \u00c9 PRESO EM FLAGRANTE AO TENTAR FUGIR DE HOSPITAL EM ITAGIMIIM"},"content":{"rendered":"<p><img loading=\"lazy\" decoding=\"async\" class=\"alignnone wp-image-114505\" src=\"https:\/\/www.sudoestehoje.com.br\/novoportal\/wp-content\/uploads\/2023\/12\/falso-medico05-600x338.jpg\" alt=\"\" width=\"549\" height=\"309\" srcset=\"https:\/\/www.sudoestehoje.com.br\/novoportal\/wp-content\/uploads\/2023\/12\/falso-medico05-600x338.jpg 600w, https:\/\/www.sudoestehoje.com.br\/novoportal\/wp-content\/uploads\/2023\/12\/falso-medico05-700x394.jpg 700w, https:\/\/www.sudoestehoje.com.br\/novoportal\/wp-content\/uploads\/2023\/12\/falso-medico05-768x432.jpg 768w, https:\/\/www.sudoestehoje.com.br\/novoportal\/wp-content\/uploads\/2023\/12\/falso-medico05.jpg 1024w\" sizes=\"auto, (max-width: 549px) 100vw, 549px\" \/><\/p>\n<p><strong>Um homem foi preso em flagrante por exerc\u00edcio ilegal da medicina, na cidade de\u00a0<a class=\"\" href=\"https:\/\/g1.globo.com\/ba\/bahia\/cidade\/itagimirim\/\">Itagimirim<\/a>, no extremo sul da Bahia. O caso ocorreu na quarta-feira (27) e o investigado tentava fugir do hospital onde trabalhava irregularmente, quando foi detido por policiais militares.<\/strong><\/p>\n<p><strong>A pris\u00e3o ocorreu ap\u00f3s den\u00fancias contra o homem, que n\u00e3o teve nome divulgado. Com ele, foram apreendidos um carimbo adulterado e um estetosc\u00f3pio, segundo a Pol\u00edcia Militar. O nome da unidade onde ele trabalhava quando foi preso n\u00e3o foi informado.<\/strong><\/p>\n<div id=\"chunk-3eog4\">\n<div class=\"mc-column content-text active-extra-styles \" data-block-type=\"unstyled\" data-block-weight=\"32\" data-block-id=\"10\">\n<p class=\" content-text__container \" data-track-category=\"Link no Texto\" data-track-links=\"\"><strong>Conforme a Pol\u00edcia Civil, o investigado tinha conclu\u00eddo apenas o ensino m\u00e9dio e j\u00e1 havia sido condenado pela Justi\u00e7a Federal por tentar fraudar documentos para comprovar uma falsa forma\u00e7\u00e3o na \u00e1rea.<\/strong><\/p>\n<\/div>\n<\/div>\n<div id=\"chunk-deasn\">\n<div class=\"mc-column content-text active-extra-styles \" data-block-type=\"unstyled\" data-block-weight=\"41\" data-block-id=\"11\">\n<p class=\" content-text__container \" data-track-category=\"Link no Texto\" data-track-links=\"\"><strong>Nesta quinta-feira (28), ele segue preso, \u00e0 disposi\u00e7\u00e3o da Justi\u00e7a. &#8220;A fian\u00e7a s\u00f3 poder\u00e1 ser arbitrada pelo juiz, porque a pena anterior foi maior que quatro anos&#8221;, disse Paulo Henrique de Oliveira, coordenador da 23\u00aa Coordenadoria Regional do Interior (Coorpin).<\/strong><\/p>\n<\/div>\n<\/div>\n<div id=\"chunk-2e6q6\">\n<div class=\"mc-column content-text active-extra-styles \" data-block-type=\"unstyled\" data-block-weight=\"37\" data-block-id=\"12\">\n<p class=\" content-text__container \" data-track-category=\"Link no Texto\" data-track-links=\"\"><strong>Ainda conforme o delegado, homem vai responder por exerc\u00edcio ilegal da medicina e falsidade ideol\u00f3gica. A Pol\u00edcia Civil n\u00e3o detalhou qual era a especialidade exercida pelo falso m\u00e9dico, nem h\u00e1 quanto tempo ele atuava na regi\u00e3o.<\/strong><\/p>\n<\/div>\n<\/div>\n","protected":false},"excerpt":{"rendered":"<p>Um homem foi preso em flagrante por exerc\u00edcio ilegal da medicina, na cidade de\u00a0Itagimirim, no extremo sul da Bahia. O caso ocorreu na quarta-feira (27) e o investigado tentava fugir do hospital onde trabalhava irregularmente, quando foi detido por policiais militares. A pris\u00e3o ocorreu ap\u00f3s den\u00fancias contra o homem, que n\u00e3o teve nome divulgado. Com [&hellip;]<\/p>\n","protected":false},"author":2,"featured_media":114505,"comment_status":"closed","ping_status":"open","sticky":false,"template":"","format":"standard","meta":{"footnotes":"","_links_to":"","_links_to_target":""},"categories":[1],"tags":[],"class_list":["post-114502","post","type-post","status-publish","format-standard","has-post-thumbnail","hentry","category-geral"],"views":1255,"_links":{"self":[{"href":"https:\/\/www.sudoestehoje.com.br\/novoportal\/wp-json\/wp\/v2\/posts\/114502","targetHints":{"allow":["GET"]}}],"collection":[{"href":"https:\/\/www.sudoestehoje.com.br\/novoportal\/wp-json\/wp\/v2\/posts"}],"about":[{"href":"https:\/\/www.sudoestehoje.com.br\/novoportal\/wp-json\/wp\/v2\/types\/post"}],"author":[{"embeddable":true,"href":"https:\/\/www.sudoestehoje.com.br\/novoportal\/wp-json\/wp\/v2\/users\/2"}],"replies":[{"embeddable":true,"href":"https:\/\/www.sudoestehoje.com.br\/novoportal\/wp-json\/wp\/v2\/comments?post=114502"}],"version-history":[{"count":4,"href":"https:\/\/www.sudoestehoje.com.br\/novoportal\/wp-json\/wp\/v2\/posts\/114502\/revisions"}],"predecessor-version":[{"id":114507,"href":"https:\/\/www.sudoestehoje.com.br\/novoportal\/wp-json\/wp\/v2\/posts\/114502\/revisions\/114507"}],"wp:featuredmedia":[{"embeddable":true,"href":"https:\/\/www.sudoestehoje.com.br\/novoportal\/wp-json\/wp\/v2\/media\/114505"}],"wp:attachment":[{"href":"https:\/\/www.sudoestehoje.com.br\/novoportal\/wp-json\/wp\/v2\/media?parent=114502"}],"wp:term":[{"taxonomy":"category","embeddable":true,"href":"https:\/\/www.sudoestehoje.com.br\/novoportal\/wp-json\/wp\/v2\/categories?post=114502"},{"taxonomy":"post_tag","embeddable":true,"href":"https:\/\/www.sudoestehoje.com.br\/novoportal\/wp-json\/wp\/v2\/tags?post=114502"}],"curies":[{"name":"wp","href":"https:\/\/api.w.org\/{rel}","templated":true}]}}