
{"id":114491,"date":"2023-12-28T21:50:35","date_gmt":"2023-12-29T00:50:35","guid":{"rendered":"https:\/\/www.sudoestehoje.com.br\/novoportal\/?p=114491"},"modified":"2023-12-28T21:50:35","modified_gmt":"2023-12-29T00:50:35","slug":"antonio-brito-e-o-unico-baiano-a-participar-de-todas-as-sessoes-da-camara-dos-deputados-em-2023","status":"publish","type":"post","link":"https:\/\/www.sudoestehoje.com.br\/novoportal\/2023\/12\/28\/antonio-brito-e-o-unico-baiano-a-participar-de-todas-as-sessoes-da-camara-dos-deputados-em-2023\/","title":{"rendered":"ANT\u00d4NIO BRITO \u00c9 O \u00daNICO BAIANO A PARTICIPAR DE TODAS AS SESS\u00d5ES DA C\u00c2MARA DOS DEPUTADOS EM 2023"},"content":{"rendered":"<p><img loading=\"lazy\" decoding=\"async\" class=\"alignnone  wp-image-114496\" src=\"https:\/\/www.sudoestehoje.com.br\/novoportal\/wp-content\/uploads\/2023\/12\/IMAGEM_NOTICIA_9-600x315.webp\" alt=\"\" width=\"550\" height=\"289\" srcset=\"https:\/\/www.sudoestehoje.com.br\/novoportal\/wp-content\/uploads\/2023\/12\/IMAGEM_NOTICIA_9-600x315.webp 600w, https:\/\/www.sudoestehoje.com.br\/novoportal\/wp-content\/uploads\/2023\/12\/IMAGEM_NOTICIA_9-700x368.webp 700w, https:\/\/www.sudoestehoje.com.br\/novoportal\/wp-content\/uploads\/2023\/12\/IMAGEM_NOTICIA_9-768x403.webp 768w, https:\/\/www.sudoestehoje.com.br\/novoportal\/wp-content\/uploads\/2023\/12\/IMAGEM_NOTICIA_9.webp 1200w\" sizes=\"auto, (max-width: 550px) 100vw, 550px\" \/><\/p>\n<p><strong>Apenas 30 dos 513 deputados marcaram presen\u00e7a em todas as sess\u00f5es realizadas pela C\u00e2mara dos Deputados em 2023, segundo levantamento feito pelo site Congresso em Foco. O n\u00famero representa 5% do total de parlamentares da Casa.\u00a0<\/strong><\/p>\n<p><strong>Apesar de extremamente baixo, os n\u00fameros saltaram de forma exponencial se comparada a 2022, quando apenas dois deputados tiveram 100% de presen\u00e7a absoluta.\u00a0<\/strong><\/p>\n<p><strong>Na lista, figura apenas um baiano. L\u00edder do PSD, Ant\u00f4nio Brito, conseguiu conciliar a posi\u00e7\u00e3o com a presen\u00e7a no plen\u00e1rio. Brito, que recentemente retirou sua pr\u00e9-candidatura \u00e0 prefeitura de Salvador, \u00e9 um dos nomes cotados para suceder Arthur Lira (PP-AL) na presid\u00eancia da C\u00e2mara.\u00a0<\/strong><\/p>\n<p><strong>As bancadas que tiveram mais representantes com 100% de presen\u00e7a foram Rio de Janeiro e S\u00e3o Paulo, com cinco deputados cada. Os partidos com mais membros entre os mais ass\u00edduos foram PT e PL, ambos com cinco parlamentares. <a href=\"https:\/\/congressoemfoco.uol.com.br\/area\/congresso-nacional\/quais-deputados-foram-a-todas-as-sessoes-de-2023\/\" target=\"_blank\" rel=\"noopener\">Veja aqui a lista<\/a>.<\/strong><\/p>\n","protected":false},"excerpt":{"rendered":"<p>Apenas 30 dos 513 deputados marcaram presen\u00e7a em todas as sess\u00f5es realizadas pela C\u00e2mara dos Deputados em 2023, segundo levantamento feito pelo site Congresso em Foco. O n\u00famero representa 5% do total de parlamentares da Casa.\u00a0 Apesar de extremamente baixo, os n\u00fameros saltaram de forma exponencial se comparada a 2022, quando apenas dois deputados tiveram [&hellip;]<\/p>\n","protected":false},"author":2,"featured_media":114496,"comment_status":"closed","ping_status":"open","sticky":false,"template":"","format":"standard","meta":{"footnotes":"","_links_to":"","_links_to_target":""},"categories":[1],"tags":[],"class_list":["post-114491","post","type-post","status-publish","format-standard","has-post-thumbnail","hentry","category-geral"],"views":509,"_links":{"self":[{"href":"https:\/\/www.sudoestehoje.com.br\/novoportal\/wp-json\/wp\/v2\/posts\/114491","targetHints":{"allow":["GET"]}}],"collection":[{"href":"https:\/\/www.sudoestehoje.com.br\/novoportal\/wp-json\/wp\/v2\/posts"}],"about":[{"href":"https:\/\/www.sudoestehoje.com.br\/novoportal\/wp-json\/wp\/v2\/types\/post"}],"author":[{"embeddable":true,"href":"https:\/\/www.sudoestehoje.com.br\/novoportal\/wp-json\/wp\/v2\/users\/2"}],"replies":[{"embeddable":true,"href":"https:\/\/www.sudoestehoje.com.br\/novoportal\/wp-json\/wp\/v2\/comments?post=114491"}],"version-history":[{"count":5,"href":"https:\/\/www.sudoestehoje.com.br\/novoportal\/wp-json\/wp\/v2\/posts\/114491\/revisions"}],"predecessor-version":[{"id":114497,"href":"https:\/\/www.sudoestehoje.com.br\/novoportal\/wp-json\/wp\/v2\/posts\/114491\/revisions\/114497"}],"wp:featuredmedia":[{"embeddable":true,"href":"https:\/\/www.sudoestehoje.com.br\/novoportal\/wp-json\/wp\/v2\/media\/114496"}],"wp:attachment":[{"href":"https:\/\/www.sudoestehoje.com.br\/novoportal\/wp-json\/wp\/v2\/media?parent=114491"}],"wp:term":[{"taxonomy":"category","embeddable":true,"href":"https:\/\/www.sudoestehoje.com.br\/novoportal\/wp-json\/wp\/v2\/categories?post=114491"},{"taxonomy":"post_tag","embeddable":true,"href":"https:\/\/www.sudoestehoje.com.br\/novoportal\/wp-json\/wp\/v2\/tags?post=114491"}],"curies":[{"name":"wp","href":"https:\/\/api.w.org\/{rel}","templated":true}]}}