
{"id":114481,"date":"2023-12-25T10:19:02","date_gmt":"2023-12-25T13:19:02","guid":{"rendered":"https:\/\/www.sudoestehoje.com.br\/novoportal\/?p=114481"},"modified":"2023-12-25T18:57:21","modified_gmt":"2023-12-25T21:57:21","slug":"colisao-entre-onibus-da-rota-e-carro-de-passeio-causa-morte-de-familia-inteira","status":"publish","type":"post","link":"https:\/\/www.sudoestehoje.com.br\/novoportal\/2023\/12\/25\/colisao-entre-onibus-da-rota-e-carro-de-passeio-causa-morte-de-familia-inteira\/","title":{"rendered":"COLIS\u00c3O ENTRE \u00d4NIBUS DA ROTA E CARRO DE PASSEIO CAUSA MORTE DE FAM\u00cdLIA INTEIRA"},"content":{"rendered":"<p data-sourcepos=\"3:1-3:218\"><img loading=\"lazy\" decoding=\"async\" class=\"alignnone wp-image-114483\" src=\"https:\/\/www.sudoestehoje.com.br\/novoportal\/wp-content\/uploads\/2023\/12\/uynUtKZ-600x360.jpg\" alt=\"\" width=\"550\" height=\"330\" srcset=\"https:\/\/www.sudoestehoje.com.br\/novoportal\/wp-content\/uploads\/2023\/12\/uynUtKZ-600x360.jpg 600w, https:\/\/www.sudoestehoje.com.br\/novoportal\/wp-content\/uploads\/2023\/12\/uynUtKZ.jpg 650w\" sizes=\"auto, (max-width: 550px) 100vw, 550px\" \/><\/p>\n<p data-sourcepos=\"3:1-3:218\"><strong>Um casal e duas crian\u00e7as morreram na colis\u00e3o entre um carro e um \u00f4nibus na BR-101, no Sul da Bahia, na manh\u00e3 deste domingo (24). O acidente aconteceu por volta das 9h, no trecho do munic\u00edpio de S\u00e3o Jos\u00e9 da Vit\u00f3ria.<\/strong><\/p>\n<p data-sourcepos=\"7:1-7:288\"><strong>O \u00f4nibus da empresa Rota seguia de Ilh\u00e9us para Porto Seguro, com 19 passageiros, al\u00e9m do motorista e do cobrador, mas sem feridos. O carro, modelo Renault\/Clio, trafegava no sentido contr\u00e1rio e teria ficado descontrolado em uma curva na altura do km 535, colidindo de frente com o coletivo.<\/strong><\/p>\n<p data-sourcepos=\"9:1-9:142\"><strong>As quatro v\u00edtimas, que morreram no local, presas \u00e0s ferragens, vinham do estado do Rio de Janeiro. No ve\u00edculo estavam Cristiano Mateus de Oliveira, de 46 anos, natural do Rio de Janeiro, sua esposa Gilmara Virgens de Santana, natural da Bahia, e os filhos Pietro e Cauan Santana.<\/strong><\/p>\n<p data-sourcepos=\"9:1-9:142\"><img loading=\"lazy\" decoding=\"async\" class=\"alignnone  wp-image-114488\" src=\"https:\/\/www.sudoestehoje.com.br\/novoportal\/wp-content\/uploads\/2023\/12\/familai-rota.jpg\" alt=\"\" width=\"549\" height=\"329\" \/><\/p>\n<p data-sourcepos=\"11:1-11:73\"><strong>A Pol\u00edcia Rodovi\u00e1ria Federal (PRF) ainda investiga as causas do acidente.<\/strong><\/p>\n<p data-sourcepos=\"13:1-13:160\"><strong>Em nota, a empresa Rota, do Grupo Brasileiro, manifestou condol\u00eancias aos familiares e amigos das v\u00edtimas e ressaltou que preza pela qualidade de seus servi\u00e7os.<\/strong><\/p>\n<p data-sourcepos=\"15:1-15:106\"><strong>Os passageiros do \u00f4nibus seguiram viagem at\u00e9 seus destinos, em outro ve\u00edculo disponibilizado pela empresa.<\/strong><\/p>\n","protected":false},"excerpt":{"rendered":"<p>Um casal e duas crian\u00e7as morreram na colis\u00e3o entre um carro e um \u00f4nibus na BR-101, no Sul da Bahia, na manh\u00e3 deste domingo (24). O acidente aconteceu por volta das 9h, no trecho do munic\u00edpio de S\u00e3o Jos\u00e9 da Vit\u00f3ria. O \u00f4nibus da empresa Rota seguia de Ilh\u00e9us para Porto Seguro, com 19 passageiros, [&hellip;]<\/p>\n","protected":false},"author":2,"featured_media":114483,"comment_status":"closed","ping_status":"open","sticky":false,"template":"","format":"standard","meta":{"footnotes":"","_links_to":"","_links_to_target":""},"categories":[1],"tags":[],"class_list":["post-114481","post","type-post","status-publish","format-standard","has-post-thumbnail","hentry","category-geral"],"views":2227,"_links":{"self":[{"href":"https:\/\/www.sudoestehoje.com.br\/novoportal\/wp-json\/wp\/v2\/posts\/114481","targetHints":{"allow":["GET"]}}],"collection":[{"href":"https:\/\/www.sudoestehoje.com.br\/novoportal\/wp-json\/wp\/v2\/posts"}],"about":[{"href":"https:\/\/www.sudoestehoje.com.br\/novoportal\/wp-json\/wp\/v2\/types\/post"}],"author":[{"embeddable":true,"href":"https:\/\/www.sudoestehoje.com.br\/novoportal\/wp-json\/wp\/v2\/users\/2"}],"replies":[{"embeddable":true,"href":"https:\/\/www.sudoestehoje.com.br\/novoportal\/wp-json\/wp\/v2\/comments?post=114481"}],"version-history":[{"count":5,"href":"https:\/\/www.sudoestehoje.com.br\/novoportal\/wp-json\/wp\/v2\/posts\/114481\/revisions"}],"predecessor-version":[{"id":114489,"href":"https:\/\/www.sudoestehoje.com.br\/novoportal\/wp-json\/wp\/v2\/posts\/114481\/revisions\/114489"}],"wp:featuredmedia":[{"embeddable":true,"href":"https:\/\/www.sudoestehoje.com.br\/novoportal\/wp-json\/wp\/v2\/media\/114483"}],"wp:attachment":[{"href":"https:\/\/www.sudoestehoje.com.br\/novoportal\/wp-json\/wp\/v2\/media?parent=114481"}],"wp:term":[{"taxonomy":"category","embeddable":true,"href":"https:\/\/www.sudoestehoje.com.br\/novoportal\/wp-json\/wp\/v2\/categories?post=114481"},{"taxonomy":"post_tag","embeddable":true,"href":"https:\/\/www.sudoestehoje.com.br\/novoportal\/wp-json\/wp\/v2\/tags?post=114481"}],"curies":[{"name":"wp","href":"https:\/\/api.w.org\/{rel}","templated":true}]}}