
{"id":114477,"date":"2023-12-24T17:00:20","date_gmt":"2023-12-24T20:00:20","guid":{"rendered":"https:\/\/www.sudoestehoje.com.br\/novoportal\/?p=114477"},"modified":"2023-12-24T17:00:20","modified_gmt":"2023-12-24T20:00:20","slug":"rede-carrefour-fecha-todas-as-lojas-na-bahia-incluindo-o-hiper-de-conquista","status":"publish","type":"post","link":"https:\/\/www.sudoestehoje.com.br\/novoportal\/2023\/12\/24\/rede-carrefour-fecha-todas-as-lojas-na-bahia-incluindo-o-hiper-de-conquista\/","title":{"rendered":"REDE CARREFOUR FECHA TODAS AS LOJAS NA BAHIA, INCLUINDO O HIPER DE CONQUISTA"},"content":{"rendered":"<p><img loading=\"lazy\" decoding=\"async\" class=\"alignnone  wp-image-114479\" src=\"https:\/\/www.sudoestehoje.com.br\/novoportal\/wp-content\/uploads\/2023\/12\/20230520_150055-600x386.jpg\" alt=\"\" width=\"549\" height=\"353\" srcset=\"https:\/\/www.sudoestehoje.com.br\/novoportal\/wp-content\/uploads\/2023\/12\/20230520_150055-600x386.jpg 600w, https:\/\/www.sudoestehoje.com.br\/novoportal\/wp-content\/uploads\/2023\/12\/20230520_150055.jpg 700w\" sizes=\"auto, (max-width: 549px) 100vw, 549px\" \/><\/p>\n<p><strong>Um ano ap\u00f3s anunciar sua chegada a Salvador, a rede de supermercados Carrefour, uma das maiores do Brasil, anunciou o fechamento das lojas hipermercado da Bahia. A decis\u00e3o foi confirmada ap\u00f3s uma reuni\u00e3o na \u00faltima quinta-feira, 21, entre diretoria e gerentes de algumas lojas, na avenida Ant\u00f4nio Carlos Magalh\u00e3es, na capital baiana.<\/strong><\/p>\n<p><strong>O fechamento est\u00e1 previsto para o dia 31 de janeiro de 2024 e atinge mais de 600 funcion\u00e1rios das lojas da avenida Acm, Avenida Reitor Miguel Calmon e do bairro de S\u00e3o Crist\u00f3v\u00e3o. A rede n\u00e3o informou a raz\u00e3o do encerramento das atividades. Segundo informa\u00e7\u00f5es n\u00e3o oficializadas, as lojas Sam\u2019s Club devem continuar operando.<\/strong><\/p>\n<p><strong>O Carrefour tamb\u00e9m anunciou fechamento da loja em Vit\u00f3ria da Conquista, no sudoeste da Bahia, alegando que outras unidades do grupo j\u00e1 suprem a necessidade dos consumidores locais.<\/strong><\/p>\n<p><strong>Al\u00e9m das unidades na Bahia, o Carrefour tamb\u00e9m anunciou o fechamento de diversos supermercados espalhados pelo Brasil, a exemplo do Cear\u00e1 e Rio Grande do Sul e Belo Horizonte.\u00a0<\/strong><\/p>\n","protected":false},"excerpt":{"rendered":"<p>Um ano ap\u00f3s anunciar sua chegada a Salvador, a rede de supermercados Carrefour, uma das maiores do Brasil, anunciou o fechamento das lojas hipermercado da Bahia. A decis\u00e3o foi confirmada ap\u00f3s uma reuni\u00e3o na \u00faltima quinta-feira, 21, entre diretoria e gerentes de algumas lojas, na avenida Ant\u00f4nio Carlos Magalh\u00e3es, na capital baiana. O fechamento est\u00e1 [&hellip;]<\/p>\n","protected":false},"author":2,"featured_media":114479,"comment_status":"closed","ping_status":"open","sticky":false,"template":"","format":"standard","meta":{"footnotes":"","_links_to":"","_links_to_target":""},"categories":[1],"tags":[],"class_list":["post-114477","post","type-post","status-publish","format-standard","has-post-thumbnail","hentry","category-geral"],"views":3460,"_links":{"self":[{"href":"https:\/\/www.sudoestehoje.com.br\/novoportal\/wp-json\/wp\/v2\/posts\/114477","targetHints":{"allow":["GET"]}}],"collection":[{"href":"https:\/\/www.sudoestehoje.com.br\/novoportal\/wp-json\/wp\/v2\/posts"}],"about":[{"href":"https:\/\/www.sudoestehoje.com.br\/novoportal\/wp-json\/wp\/v2\/types\/post"}],"author":[{"embeddable":true,"href":"https:\/\/www.sudoestehoje.com.br\/novoportal\/wp-json\/wp\/v2\/users\/2"}],"replies":[{"embeddable":true,"href":"https:\/\/www.sudoestehoje.com.br\/novoportal\/wp-json\/wp\/v2\/comments?post=114477"}],"version-history":[{"count":2,"href":"https:\/\/www.sudoestehoje.com.br\/novoportal\/wp-json\/wp\/v2\/posts\/114477\/revisions"}],"predecessor-version":[{"id":114480,"href":"https:\/\/www.sudoestehoje.com.br\/novoportal\/wp-json\/wp\/v2\/posts\/114477\/revisions\/114480"}],"wp:featuredmedia":[{"embeddable":true,"href":"https:\/\/www.sudoestehoje.com.br\/novoportal\/wp-json\/wp\/v2\/media\/114479"}],"wp:attachment":[{"href":"https:\/\/www.sudoestehoje.com.br\/novoportal\/wp-json\/wp\/v2\/media?parent=114477"}],"wp:term":[{"taxonomy":"category","embeddable":true,"href":"https:\/\/www.sudoestehoje.com.br\/novoportal\/wp-json\/wp\/v2\/categories?post=114477"},{"taxonomy":"post_tag","embeddable":true,"href":"https:\/\/www.sudoestehoje.com.br\/novoportal\/wp-json\/wp\/v2\/tags?post=114477"}],"curies":[{"name":"wp","href":"https:\/\/api.w.org\/{rel}","templated":true}]}}