
{"id":11447,"date":"2011-12-23T19:39:03","date_gmt":"2011-12-23T22:39:03","guid":{"rendered":"http:\/\/www.sudoestehoje.com.br\/novoportal\/?p=11447"},"modified":"2011-12-23T20:20:27","modified_gmt":"2011-12-23T23:20:27","slug":"menino-de-8-anos-morre-com-suspeita-de-dengue-em-conquista","status":"publish","type":"post","link":"https:\/\/www.sudoestehoje.com.br\/novoportal\/2011\/12\/23\/menino-de-8-anos-morre-com-suspeita-de-dengue-em-conquista\/","title":{"rendered":"MENINO DE BRUMADO MORRE COM SUSPEITA DE DENGUE EM CONQUISTA"},"content":{"rendered":"<p style=\"text-align: center;\"><img decoding=\"async\" src=\"http:\/\/www.brumadonoticias.com.br\/v1\/wp-content\/uploads\/DSC895665.jpg\" alt=\"\" \/><\/p>\n<p style=\"text-align: center;\"><em><strong>Morte do garoto Raimundo Nonato chocou os brumadenses.<\/strong><\/em><\/p>\n<p style=\"text-align: center;\"><em><strong> (Foto: Reprodu\u00e7\u00e3o\/Facebook)<\/strong><\/em><\/p>\n<p>VIT\u00d3RIA DA CONQUISTA: Um menino de 8 anos de idade, da cidade de Brumado, morreu na madrugada desta sexta-feira (23), com sintomas de dengue hemorr\u00e1gica em Vit\u00f3ria da Conquista, \u00e0 espera de atendimento no Hospital de Base.\u00a0Em entrevista ao site Brumado Not\u00edcias, o secret\u00e1rio da sa\u00fade de Brumado, Cl\u00e1udio Feres, afirmou que a crian\u00e7a foi internada na tarde desta quinta (22) no hospital Magalh\u00e3es Neto, em Brumado, com os sintomas da doen\u00e7a.\u00a0Depois de horas internado, o estado de sa\u00fade do menino se agravou e ele foi transferido para Vit\u00f3ria da Conquista. Ele deveria ter sido internado no Hospital de Base, mas a institui\u00e7\u00e3o estava fechada por conta de um surto de meningite e o menino acabou morrendo \u00e0 espera de atendimento.\u00a0Ainda de acordo com o secret\u00e1rio, apesar dos sintomas serem semelhantes ao da dengue hemorr\u00e1gica, exames laboratorais \u00e9 que v\u00e3o confirmar a suspeita.<\/p>\n<p><strong><em><br \/>\n<\/em><\/strong><\/p>\n","protected":false},"excerpt":{"rendered":"<p>Morte do garoto Raimundo Nonato chocou os brumadenses. (Foto: Reprodu\u00e7\u00e3o\/Facebook) VIT\u00d3RIA DA CONQUISTA: Um menino de 8 anos de idade, da cidade de Brumado, morreu na madrugada desta sexta-feira (23), com sintomas de dengue hemorr\u00e1gica em Vit\u00f3ria da Conquista, \u00e0 espera de atendimento no Hospital de Base.\u00a0Em entrevista ao site Brumado Not\u00edcias, o secret\u00e1rio da [&hellip;]<\/p>\n","protected":false},"author":2,"featured_media":0,"comment_status":"open","ping_status":"open","sticky":false,"template":"","format":"standard","meta":{"footnotes":"","_links_to":"","_links_to_target":""},"categories":[1],"tags":[],"class_list":["post-11447","post","type-post","status-publish","format-standard","hentry","category-geral"],"views":1320,"_links":{"self":[{"href":"https:\/\/www.sudoestehoje.com.br\/novoportal\/wp-json\/wp\/v2\/posts\/11447","targetHints":{"allow":["GET"]}}],"collection":[{"href":"https:\/\/www.sudoestehoje.com.br\/novoportal\/wp-json\/wp\/v2\/posts"}],"about":[{"href":"https:\/\/www.sudoestehoje.com.br\/novoportal\/wp-json\/wp\/v2\/types\/post"}],"author":[{"embeddable":true,"href":"https:\/\/www.sudoestehoje.com.br\/novoportal\/wp-json\/wp\/v2\/users\/2"}],"replies":[{"embeddable":true,"href":"https:\/\/www.sudoestehoje.com.br\/novoportal\/wp-json\/wp\/v2\/comments?post=11447"}],"version-history":[{"count":7,"href":"https:\/\/www.sudoestehoje.com.br\/novoportal\/wp-json\/wp\/v2\/posts\/11447\/revisions"}],"predecessor-version":[{"id":11454,"href":"https:\/\/www.sudoestehoje.com.br\/novoportal\/wp-json\/wp\/v2\/posts\/11447\/revisions\/11454"}],"wp:attachment":[{"href":"https:\/\/www.sudoestehoje.com.br\/novoportal\/wp-json\/wp\/v2\/media?parent=11447"}],"wp:term":[{"taxonomy":"category","embeddable":true,"href":"https:\/\/www.sudoestehoje.com.br\/novoportal\/wp-json\/wp\/v2\/categories?post=11447"},{"taxonomy":"post_tag","embeddable":true,"href":"https:\/\/www.sudoestehoje.com.br\/novoportal\/wp-json\/wp\/v2\/tags?post=11447"}],"curies":[{"name":"wp","href":"https:\/\/api.w.org\/{rel}","templated":true}]}}