
{"id":114456,"date":"2023-12-22T09:46:49","date_gmt":"2023-12-22T12:46:49","guid":{"rendered":"https:\/\/www.sudoestehoje.com.br\/novoportal\/?p=114456"},"modified":"2023-12-22T09:46:49","modified_gmt":"2023-12-22T12:46:49","slug":"itapetinga-tera-queima-de-fogos-na-lagoa-sem-efeito-sonoro-durante-reveillon","status":"publish","type":"post","link":"https:\/\/www.sudoestehoje.com.br\/novoportal\/2023\/12\/22\/itapetinga-tera-queima-de-fogos-na-lagoa-sem-efeito-sonoro-durante-reveillon\/","title":{"rendered":"ITAPETINGA TER\u00c1 QUEIMA DE FOGOS NA LAGOA, SEM EFEITO SONORO, DURANTE REVEILLON"},"content":{"rendered":"<p><img loading=\"lazy\" decoding=\"async\" class=\"alignnone  wp-image-114457\" src=\"https:\/\/www.sudoestehoje.com.br\/novoportal\/wp-content\/uploads\/2023\/12\/b9710492-bc28-4f1e-9589-0cf3df2c65e6-1-600x450.jpg\" alt=\"\" width=\"551\" height=\"413\" srcset=\"https:\/\/www.sudoestehoje.com.br\/novoportal\/wp-content\/uploads\/2023\/12\/b9710492-bc28-4f1e-9589-0cf3df2c65e6-1-600x450.jpg 600w, https:\/\/www.sudoestehoje.com.br\/novoportal\/wp-content\/uploads\/2023\/12\/b9710492-bc28-4f1e-9589-0cf3df2c65e6-1-700x525.jpg 700w, https:\/\/www.sudoestehoje.com.br\/novoportal\/wp-content\/uploads\/2023\/12\/b9710492-bc28-4f1e-9589-0cf3df2c65e6-1-768x576.jpg 768w, https:\/\/www.sudoestehoje.com.br\/novoportal\/wp-content\/uploads\/2023\/12\/b9710492-bc28-4f1e-9589-0cf3df2c65e6-1-1536x1152.jpg 1536w, https:\/\/www.sudoestehoje.com.br\/novoportal\/wp-content\/uploads\/2023\/12\/b9710492-bc28-4f1e-9589-0cf3df2c65e6-1.jpg 1600w\" sizes=\"auto, (max-width: 551px) 100vw, 551px\" \/><\/p>\n<p><strong>Ap\u00f3s reuni\u00e3o com Grupo de m\u00e3es de autistas e SOS animais, prefeito Rodrigo Hagge ajustou os \u00faltimos detalhes para, pela primeira vez na hist\u00f3ria, realizar queima de fogos e festa de reveillon no Parque Poliesportivo da Lagoa.<\/strong><\/p>\n<p><strong>A queima de fogos foi pensada de modo a n\u00e3o gerar transtornos \u00e0 popula\u00e7\u00e3o autista, tampouco aos animais. <\/strong><strong>Os fogos ter\u00e3o efeito luminoso e n\u00e3o sonoro.<\/strong><\/p>\n<p><img loading=\"lazy\" decoding=\"async\" class=\"alignnone  wp-image-114453\" src=\"https:\/\/www.sudoestehoje.com.br\/novoportal\/wp-content\/uploads\/2023\/12\/f70f7f56-46c5-4781-9929-74340f93f6e9-1-600x420.jpg\" alt=\"\" width=\"551\" height=\"386\" srcset=\"https:\/\/www.sudoestehoje.com.br\/novoportal\/wp-content\/uploads\/2023\/12\/f70f7f56-46c5-4781-9929-74340f93f6e9-1-600x420.jpg 600w, https:\/\/www.sudoestehoje.com.br\/novoportal\/wp-content\/uploads\/2023\/12\/f70f7f56-46c5-4781-9929-74340f93f6e9-1-700x490.jpg 700w, https:\/\/www.sudoestehoje.com.br\/novoportal\/wp-content\/uploads\/2023\/12\/f70f7f56-46c5-4781-9929-74340f93f6e9-1-768x537.jpg 768w, https:\/\/www.sudoestehoje.com.br\/novoportal\/wp-content\/uploads\/2023\/12\/f70f7f56-46c5-4781-9929-74340f93f6e9-1-1536x1075.jpg 1536w, https:\/\/www.sudoestehoje.com.br\/novoportal\/wp-content\/uploads\/2023\/12\/f70f7f56-46c5-4781-9929-74340f93f6e9-1-2048x1433.jpg 2048w\" sizes=\"auto, (max-width: 551px) 100vw, 551px\" \/><\/p>\n<p><strong>O ajuste foi necess\u00e1rio em virtude das justas reivindica\u00e7\u00f5es das entidades contr\u00e1rias aos fogos que produzem barulhos perturbadores nas crian\u00e7as autistas e animais.\u00a0<\/strong><\/p>\n<p><strong>\u00d3tima iniciativa&#8230;<\/strong><\/p>\n<p><strong>Reda\u00e7\u00e3o SH<\/strong><\/p>\n","protected":false},"excerpt":{"rendered":"<p>Ap\u00f3s reuni\u00e3o com Grupo de m\u00e3es de autistas e SOS animais, prefeito Rodrigo Hagge ajustou os \u00faltimos detalhes para, pela primeira vez na hist\u00f3ria, realizar queima de fogos e festa de reveillon no Parque Poliesportivo da Lagoa. A queima de fogos foi pensada de modo a n\u00e3o gerar transtornos \u00e0 popula\u00e7\u00e3o autista, tampouco aos animais. [&hellip;]<\/p>\n","protected":false},"author":2,"featured_media":114457,"comment_status":"closed","ping_status":"open","sticky":false,"template":"","format":"standard","meta":{"footnotes":"","_links_to":"","_links_to_target":""},"categories":[1],"tags":[],"class_list":["post-114456","post","type-post","status-publish","format-standard","has-post-thumbnail","hentry","category-geral"],"views":624,"_links":{"self":[{"href":"https:\/\/www.sudoestehoje.com.br\/novoportal\/wp-json\/wp\/v2\/posts\/114456","targetHints":{"allow":["GET"]}}],"collection":[{"href":"https:\/\/www.sudoestehoje.com.br\/novoportal\/wp-json\/wp\/v2\/posts"}],"about":[{"href":"https:\/\/www.sudoestehoje.com.br\/novoportal\/wp-json\/wp\/v2\/types\/post"}],"author":[{"embeddable":true,"href":"https:\/\/www.sudoestehoje.com.br\/novoportal\/wp-json\/wp\/v2\/users\/2"}],"replies":[{"embeddable":true,"href":"https:\/\/www.sudoestehoje.com.br\/novoportal\/wp-json\/wp\/v2\/comments?post=114456"}],"version-history":[{"count":2,"href":"https:\/\/www.sudoestehoje.com.br\/novoportal\/wp-json\/wp\/v2\/posts\/114456\/revisions"}],"predecessor-version":[{"id":114459,"href":"https:\/\/www.sudoestehoje.com.br\/novoportal\/wp-json\/wp\/v2\/posts\/114456\/revisions\/114459"}],"wp:featuredmedia":[{"embeddable":true,"href":"https:\/\/www.sudoestehoje.com.br\/novoportal\/wp-json\/wp\/v2\/media\/114457"}],"wp:attachment":[{"href":"https:\/\/www.sudoestehoje.com.br\/novoportal\/wp-json\/wp\/v2\/media?parent=114456"}],"wp:term":[{"taxonomy":"category","embeddable":true,"href":"https:\/\/www.sudoestehoje.com.br\/novoportal\/wp-json\/wp\/v2\/categories?post=114456"},{"taxonomy":"post_tag","embeddable":true,"href":"https:\/\/www.sudoestehoje.com.br\/novoportal\/wp-json\/wp\/v2\/tags?post=114456"}],"curies":[{"name":"wp","href":"https:\/\/api.w.org\/{rel}","templated":true}]}}