
{"id":114421,"date":"2023-12-19T17:21:51","date_gmt":"2023-12-19T20:21:51","guid":{"rendered":"https:\/\/www.sudoestehoje.com.br\/novoportal\/?p=114421"},"modified":"2023-12-19T17:51:36","modified_gmt":"2023-12-19T20:51:36","slug":"itapetinga-veiculo-pega-fogo-na-ba-263","status":"publish","type":"post","link":"https:\/\/www.sudoestehoje.com.br\/novoportal\/2023\/12\/19\/itapetinga-veiculo-pega-fogo-na-ba-263\/","title":{"rendered":"ITAPETINGA | VE\u00cdCULO PEGA FOGO NA BA-263"},"content":{"rendered":"<p><img loading=\"lazy\" decoding=\"async\" class=\"alignnone wp-image-114425\" src=\"https:\/\/www.sudoestehoje.com.br\/novoportal\/wp-content\/uploads\/2023\/12\/ac87a300-43c3-47d3-a4d1-bc4f066a1c19-600x435.jpg\" alt=\"\" width=\"550\" height=\"399\" srcset=\"https:\/\/www.sudoestehoje.com.br\/novoportal\/wp-content\/uploads\/2023\/12\/ac87a300-43c3-47d3-a4d1-bc4f066a1c19-600x435.jpg 600w, https:\/\/www.sudoestehoje.com.br\/novoportal\/wp-content\/uploads\/2023\/12\/ac87a300-43c3-47d3-a4d1-bc4f066a1c19-700x508.jpg 700w, https:\/\/www.sudoestehoje.com.br\/novoportal\/wp-content\/uploads\/2023\/12\/ac87a300-43c3-47d3-a4d1-bc4f066a1c19-768x557.jpg 768w, https:\/\/www.sudoestehoje.com.br\/novoportal\/wp-content\/uploads\/2023\/12\/ac87a300-43c3-47d3-a4d1-bc4f066a1c19.jpg 1074w\" sizes=\"auto, (max-width: 550px) 100vw, 550px\" \/><\/p>\n<p><strong>Na tarde desta ter\u00e7a-feira (19) um ve\u00edculo de luxo pegou fogo na rodovia BA-263, no trecho que liga as cidades de Itapetinga e Itamb\u00e9, no M\u00e9dio Sudoeste Baiano.<\/strong><\/p>\n<p><strong>Apesar da gravidade do inc\u00eandio, o motorista teve tempo de sair ileso do ve\u00edculo. Informa\u00e7\u00f5es exclusivas repassadas ao Sudoeste Hoje d\u00e3o conta de que a Land Rover pertence a um empres\u00e1rio da regi\u00e3o e era conduzida por pessoa da fam\u00edlia que estava se dirigindo ao aeroporto de Vit\u00f3ria da Conquista para pegar uma passageira que chegava de viagem.<\/strong><\/p>\n<p><strong>Problemas el\u00e9tricos ou de inje\u00e7\u00e3o de combust\u00edvel, aliados a alta temperatura na pista, podem ter sido determinantes para causar o inc\u00eandio, de acordo com o propriet\u00e1rio.<\/strong><\/p>\n<p><strong>Reda\u00e7\u00e3o SH<\/strong><\/p>\n","protected":false},"excerpt":{"rendered":"<p>Na tarde desta ter\u00e7a-feira (19) um ve\u00edculo de luxo pegou fogo na rodovia BA-263, no trecho que liga as cidades de Itapetinga e Itamb\u00e9, no M\u00e9dio Sudoeste Baiano. Apesar da gravidade do inc\u00eandio, o motorista teve tempo de sair ileso do ve\u00edculo. Informa\u00e7\u00f5es exclusivas repassadas ao Sudoeste Hoje d\u00e3o conta de que a Land Rover [&hellip;]<\/p>\n","protected":false},"author":2,"featured_media":114425,"comment_status":"closed","ping_status":"open","sticky":false,"template":"","format":"standard","meta":{"footnotes":"","_links_to":"","_links_to_target":""},"categories":[1],"tags":[],"class_list":["post-114421","post","type-post","status-publish","format-standard","has-post-thumbnail","hentry","category-geral"],"views":1536,"_links":{"self":[{"href":"https:\/\/www.sudoestehoje.com.br\/novoportal\/wp-json\/wp\/v2\/posts\/114421","targetHints":{"allow":["GET"]}}],"collection":[{"href":"https:\/\/www.sudoestehoje.com.br\/novoportal\/wp-json\/wp\/v2\/posts"}],"about":[{"href":"https:\/\/www.sudoestehoje.com.br\/novoportal\/wp-json\/wp\/v2\/types\/post"}],"author":[{"embeddable":true,"href":"https:\/\/www.sudoestehoje.com.br\/novoportal\/wp-json\/wp\/v2\/users\/2"}],"replies":[{"embeddable":true,"href":"https:\/\/www.sudoestehoje.com.br\/novoportal\/wp-json\/wp\/v2\/comments?post=114421"}],"version-history":[{"count":5,"href":"https:\/\/www.sudoestehoje.com.br\/novoportal\/wp-json\/wp\/v2\/posts\/114421\/revisions"}],"predecessor-version":[{"id":114428,"href":"https:\/\/www.sudoestehoje.com.br\/novoportal\/wp-json\/wp\/v2\/posts\/114421\/revisions\/114428"}],"wp:featuredmedia":[{"embeddable":true,"href":"https:\/\/www.sudoestehoje.com.br\/novoportal\/wp-json\/wp\/v2\/media\/114425"}],"wp:attachment":[{"href":"https:\/\/www.sudoestehoje.com.br\/novoportal\/wp-json\/wp\/v2\/media?parent=114421"}],"wp:term":[{"taxonomy":"category","embeddable":true,"href":"https:\/\/www.sudoestehoje.com.br\/novoportal\/wp-json\/wp\/v2\/categories?post=114421"},{"taxonomy":"post_tag","embeddable":true,"href":"https:\/\/www.sudoestehoje.com.br\/novoportal\/wp-json\/wp\/v2\/tags?post=114421"}],"curies":[{"name":"wp","href":"https:\/\/api.w.org\/{rel}","templated":true}]}}