
{"id":11442,"date":"2011-12-23T19:23:05","date_gmt":"2011-12-23T22:23:05","guid":{"rendered":"http:\/\/www.sudoestehoje.com.br\/novoportal\/?p=11442"},"modified":"2011-12-23T19:23:43","modified_gmt":"2011-12-23T22:23:43","slug":"dilma-fixa-salario-minimo-em-r622-para-2012","status":"publish","type":"post","link":"https:\/\/www.sudoestehoje.com.br\/novoportal\/2011\/12\/23\/dilma-fixa-salario-minimo-em-r622-para-2012\/","title":{"rendered":"DILMA FIXA SAL\u00c1RIO M\u00cdNIMO EM R$622 PARA 2012"},"content":{"rendered":"<p style=\"text-align: center;\"><img decoding=\"async\" class=\"aligncenter\" src=\"http:\/\/www.bahianoticias.com.br\/fotos\/principal_noticias\/108180\/IMAGEM_NOTICIA_5.jpg\" alt=\"Dilma fixa sal\u00e1rio m\u00ednimo em R$ 622 para 2012\" width=\"400\" \/><\/p>\n<p>A presidente Dilma Rousseff (PT) assinou, nesta sexta-feira (23), um decreto que fixa em R$ 622 o valor do sal\u00e1rio m\u00ednimo a partir de 1\u00ba de janeiro de 2012. A informa\u00e7\u00e3o foi confirmada pela Secretaria de Comunica\u00e7\u00e3o da Presid\u00eancia da Rep\u00fablica. De acordo com o G1, a Casa Civil confirmou o novo valor, mas disse n\u00e3o saber se o texto j\u00e1 foi assinado pela l\u00edder nacional. Atualmente, o m\u00ednimo \u00e9 de R$ 545. O novo valor passa a ser pago a partir de fevereiro do ano que vem referente ao m\u00eas de janeiro. Em novembro, o Minist\u00e9rio do Planejamento enviou ao Congresso Nacional uma proposta, aprovada nesta quinta (22) dentro do Or\u00e7amento da Uni\u00e3o de 2012, que corrigia o valor do sal\u00e1rio m\u00ednimo de R$ 545 para R$ 622,73.\u00a0A expectativa era de que Dilma arredondasse o valor do sal\u00e1rio m\u00ednimo para R$ 625, no entanto ela reduziu. BN<\/p>\n","protected":false},"excerpt":{"rendered":"<p>A presidente Dilma Rousseff (PT) assinou, nesta sexta-feira (23), um decreto que fixa em R$ 622 o valor do sal\u00e1rio m\u00ednimo a partir de 1\u00ba de janeiro de 2012. A informa\u00e7\u00e3o foi confirmada pela Secretaria de Comunica\u00e7\u00e3o da Presid\u00eancia da Rep\u00fablica. De acordo com o G1, a Casa Civil confirmou o novo valor, mas disse [&hellip;]<\/p>\n","protected":false},"author":2,"featured_media":0,"comment_status":"open","ping_status":"open","sticky":false,"template":"","format":"standard","meta":{"footnotes":"","_links_to":"","_links_to_target":""},"categories":[1],"tags":[],"class_list":["post-11442","post","type-post","status-publish","format-standard","hentry","category-geral"],"views":1313,"_links":{"self":[{"href":"https:\/\/www.sudoestehoje.com.br\/novoportal\/wp-json\/wp\/v2\/posts\/11442","targetHints":{"allow":["GET"]}}],"collection":[{"href":"https:\/\/www.sudoestehoje.com.br\/novoportal\/wp-json\/wp\/v2\/posts"}],"about":[{"href":"https:\/\/www.sudoestehoje.com.br\/novoportal\/wp-json\/wp\/v2\/types\/post"}],"author":[{"embeddable":true,"href":"https:\/\/www.sudoestehoje.com.br\/novoportal\/wp-json\/wp\/v2\/users\/2"}],"replies":[{"embeddable":true,"href":"https:\/\/www.sudoestehoje.com.br\/novoportal\/wp-json\/wp\/v2\/comments?post=11442"}],"version-history":[{"count":4,"href":"https:\/\/www.sudoestehoje.com.br\/novoportal\/wp-json\/wp\/v2\/posts\/11442\/revisions"}],"predecessor-version":[{"id":11446,"href":"https:\/\/www.sudoestehoje.com.br\/novoportal\/wp-json\/wp\/v2\/posts\/11442\/revisions\/11446"}],"wp:attachment":[{"href":"https:\/\/www.sudoestehoje.com.br\/novoportal\/wp-json\/wp\/v2\/media?parent=11442"}],"wp:term":[{"taxonomy":"category","embeddable":true,"href":"https:\/\/www.sudoestehoje.com.br\/novoportal\/wp-json\/wp\/v2\/categories?post=11442"},{"taxonomy":"post_tag","embeddable":true,"href":"https:\/\/www.sudoestehoje.com.br\/novoportal\/wp-json\/wp\/v2\/tags?post=11442"}],"curies":[{"name":"wp","href":"https:\/\/api.w.org\/{rel}","templated":true}]}}