
{"id":114416,"date":"2023-12-19T16:26:46","date_gmt":"2023-12-19T19:26:46","guid":{"rendered":"https:\/\/www.sudoestehoje.com.br\/novoportal\/?p=114416"},"modified":"2023-12-19T16:44:56","modified_gmt":"2023-12-19T19:44:56","slug":"ccl-aprova-projetos-de-autoria-de-pedro-tavares-voltados-a-saude-mental-dos-estudantes-e-ao-alerta-para-as-gestantes","status":"publish","type":"post","link":"https:\/\/www.sudoestehoje.com.br\/novoportal\/2023\/12\/19\/ccl-aprova-projetos-de-autoria-de-pedro-tavares-voltados-a-saude-mental-dos-estudantes-e-ao-alerta-para-as-gestantes\/","title":{"rendered":"CCJ APROVA PROJETOS DE AUTORIA DE PEDRO TAVARES VOLTADOS \u00c0 SA\u00daDE MENTAL DOS ESTUDANTES E AO ALERTA PARA AS GESTANTES"},"content":{"rendered":"<p><img loading=\"lazy\" decoding=\"async\" class=\"alignnone wp-image-114418\" src=\"https:\/\/www.sudoestehoje.com.br\/novoportal\/wp-content\/uploads\/2023\/12\/Pedro-Tavares-30-08-23-Comissao-de-Defesa-do-Consumidor-da-ALBA-600x427.jpeg\" alt=\"\" width=\"549\" height=\"391\" srcset=\"https:\/\/www.sudoestehoje.com.br\/novoportal\/wp-content\/uploads\/2023\/12\/Pedro-Tavares-30-08-23-Comissao-de-Defesa-do-Consumidor-da-ALBA-600x427.jpeg 600w, https:\/\/www.sudoestehoje.com.br\/novoportal\/wp-content\/uploads\/2023\/12\/Pedro-Tavares-30-08-23-Comissao-de-Defesa-do-Consumidor-da-ALBA-700x498.jpeg 700w, https:\/\/www.sudoestehoje.com.br\/novoportal\/wp-content\/uploads\/2023\/12\/Pedro-Tavares-30-08-23-Comissao-de-Defesa-do-Consumidor-da-ALBA-768x546.jpeg 768w, https:\/\/www.sudoestehoje.com.br\/novoportal\/wp-content\/uploads\/2023\/12\/Pedro-Tavares-30-08-23-Comissao-de-Defesa-do-Consumidor-da-ALBA.jpeg 793w\" sizes=\"auto, (max-width: 549px) 100vw, 549px\" \/><\/p>\n<p><strong>Encerrando os trabalhos do ano legislativo, a Comiss\u00e3o de Constitui\u00e7\u00e3o e Justi\u00e7a (CCJ), da Assembleia Legislativa da Bahia aprovou dois projetos de lei de autoria do deputado estadual Pedro Tavares (Uni\u00e3o Brasil). Os deputados concordaram sobre a import\u00e2ncia das duas propostas que visam a assist\u00eancia \u00e0 sa\u00fade da popula\u00e7\u00e3o. O deputado espera o avan\u00e7o desses projetos no Parlamento Estadual.<\/strong><\/p>\n<p><strong>O primeiro contempla a classe estudantil, pois visa incluir medidas de conscientiza\u00e7\u00e3o, preven\u00e7\u00e3o e combate \u00e0 ansiedade, a depress\u00e3o e ao suic\u00eddio, nos projetos pedag\u00f3gicos. As escolas p\u00fablicas e privadas devem se preocupar dessa forma com a sa\u00fade mental dos estudantes promovendo a\u00e7\u00f5es preventivas.<\/strong><\/p>\n<p><strong>\u201cO objetivo \u00e9 orientar as crian\u00e7as e adolescentes nas escolas p\u00fablicas e privadas de ensino b\u00e1sico do Estado da Bahia. Muitas vezes o cidad\u00e3o completa seu ciclo escolar sem nunca ter ouvido falar em ansiedade e depress\u00e3o, enfermidades que crescem na sociedade moderna. \u00c9 preciso que as crian\u00e7as e adolescentes em forma\u00e7\u00e3o compreendam as vari\u00e1veis que podem causar o transtorno de ansiedade, depress\u00e3o e suic\u00eddio. Por fim, a partir da instru\u00e7\u00e3o, orienta\u00e7\u00e3o e aprendizado, os alunos das escolas p\u00fablicas e privadas de ensino b\u00e1sico do estado da Bahia encontrar\u00e3o ainda mais condi\u00e7\u00f5es para desenvolverem suas compet\u00eancias e potencialidades, se livrando de serem acometidos por essas enfermidades que n\u00e3o condizem com a vida em pleno equil\u00edbrio\u201d, afirmou.<\/strong><\/p>\n<p><strong>O segundo diz respeito \u00e0s gestantes, com a proposta de determinar a realiza\u00e7\u00e3o de campanhas com alerta, em rela\u00e7\u00e3o \u00e0 epidemia de s\u00edfilis, doen\u00e7a sexualmente transmiss\u00edvel que atingiu mais de 4 mil mulheres gr\u00e1vidas na Bahia, em 2021, segundo dados da Secretaria de Sa\u00fade do Estado.<\/strong><\/p>\n<p><strong>\u201cO projeto tem o objetivo de chamar a aten\u00e7\u00e3o para import\u00e2ncia de todas as gestantes buscarem atendimento, realizando os testes e no caso de serem diagnosticadas passarem pelo acompanhamento, com pr\u00e9 natal adequado e tratamento mais precoce. Justificamos a nossa preocupa\u00e7\u00e3o com as gestantes e os beb\u00eas para que n\u00e3o sofram o risco de malforma\u00e7\u00f5es\u201d, afirmou. \/\/Ascom deputado Pedro Tavares<\/strong><\/p>\n","protected":false},"excerpt":{"rendered":"<p>Encerrando os trabalhos do ano legislativo, a Comiss\u00e3o de Constitui\u00e7\u00e3o e Justi\u00e7a (CCJ), da Assembleia Legislativa da Bahia aprovou dois projetos de lei de autoria do deputado estadual Pedro Tavares (Uni\u00e3o Brasil). Os deputados concordaram sobre a import\u00e2ncia das duas propostas que visam a assist\u00eancia \u00e0 sa\u00fade da popula\u00e7\u00e3o. O deputado espera o avan\u00e7o desses [&hellip;]<\/p>\n","protected":false},"author":2,"featured_media":114418,"comment_status":"closed","ping_status":"open","sticky":false,"template":"","format":"standard","meta":{"footnotes":"","_links_to":"","_links_to_target":""},"categories":[1],"tags":[],"class_list":["post-114416","post","type-post","status-publish","format-standard","has-post-thumbnail","hentry","category-geral"],"views":629,"_links":{"self":[{"href":"https:\/\/www.sudoestehoje.com.br\/novoportal\/wp-json\/wp\/v2\/posts\/114416","targetHints":{"allow":["GET"]}}],"collection":[{"href":"https:\/\/www.sudoestehoje.com.br\/novoportal\/wp-json\/wp\/v2\/posts"}],"about":[{"href":"https:\/\/www.sudoestehoje.com.br\/novoportal\/wp-json\/wp\/v2\/types\/post"}],"author":[{"embeddable":true,"href":"https:\/\/www.sudoestehoje.com.br\/novoportal\/wp-json\/wp\/v2\/users\/2"}],"replies":[{"embeddable":true,"href":"https:\/\/www.sudoestehoje.com.br\/novoportal\/wp-json\/wp\/v2\/comments?post=114416"}],"version-history":[{"count":3,"href":"https:\/\/www.sudoestehoje.com.br\/novoportal\/wp-json\/wp\/v2\/posts\/114416\/revisions"}],"predecessor-version":[{"id":114420,"href":"https:\/\/www.sudoestehoje.com.br\/novoportal\/wp-json\/wp\/v2\/posts\/114416\/revisions\/114420"}],"wp:featuredmedia":[{"embeddable":true,"href":"https:\/\/www.sudoestehoje.com.br\/novoportal\/wp-json\/wp\/v2\/media\/114418"}],"wp:attachment":[{"href":"https:\/\/www.sudoestehoje.com.br\/novoportal\/wp-json\/wp\/v2\/media?parent=114416"}],"wp:term":[{"taxonomy":"category","embeddable":true,"href":"https:\/\/www.sudoestehoje.com.br\/novoportal\/wp-json\/wp\/v2\/categories?post=114416"},{"taxonomy":"post_tag","embeddable":true,"href":"https:\/\/www.sudoestehoje.com.br\/novoportal\/wp-json\/wp\/v2\/tags?post=114416"}],"curies":[{"name":"wp","href":"https:\/\/api.w.org\/{rel}","templated":true}]}}