
{"id":114375,"date":"2023-12-19T09:01:39","date_gmt":"2023-12-19T12:01:39","guid":{"rendered":"https:\/\/www.sudoestehoje.com.br\/novoportal\/?p=114375"},"modified":"2023-12-19T09:01:39","modified_gmt":"2023-12-19T12:01:39","slug":"tempo-sera-que-vai-chover-mesmo-de-acordo-com-as-ultimas-previsoes","status":"publish","type":"post","link":"https:\/\/www.sudoestehoje.com.br\/novoportal\/2023\/12\/19\/tempo-sera-que-vai-chover-mesmo-de-acordo-com-as-ultimas-previsoes\/","title":{"rendered":"TEMPO | SER\u00c1 QUE VAI CHOVER MESMO DE ACORDO COM AS \u00daLTIMAS PREVIS\u00d5ES?"},"content":{"rendered":"<p><img loading=\"lazy\" decoding=\"async\" class=\"alignnone  wp-image-114376\" src=\"https:\/\/www.sudoestehoje.com.br\/novoportal\/wp-content\/uploads\/2023\/12\/81986ec6-0d6a-4648-ae29-53a680b3973e-600x337.jpg\" alt=\"\" width=\"550\" height=\"309\" srcset=\"https:\/\/www.sudoestehoje.com.br\/novoportal\/wp-content\/uploads\/2023\/12\/81986ec6-0d6a-4648-ae29-53a680b3973e-600x337.jpg 600w, https:\/\/www.sudoestehoje.com.br\/novoportal\/wp-content\/uploads\/2023\/12\/81986ec6-0d6a-4648-ae29-53a680b3973e-700x394.jpg 700w, https:\/\/www.sudoestehoje.com.br\/novoportal\/wp-content\/uploads\/2023\/12\/81986ec6-0d6a-4648-ae29-53a680b3973e-768x432.jpg 768w, https:\/\/www.sudoestehoje.com.br\/novoportal\/wp-content\/uploads\/2023\/12\/81986ec6-0d6a-4648-ae29-53a680b3973e-1536x864.jpg 1536w, https:\/\/www.sudoestehoje.com.br\/novoportal\/wp-content\/uploads\/2023\/12\/81986ec6-0d6a-4648-ae29-53a680b3973e.jpg 1599w\" sizes=\"auto, (max-width: 550px) 100vw, 550px\" \/><\/p>\n<p><strong>Mesmo com os institutos de meteorologia afirmando que vai chover pra valer em Itapetinga e regi\u00e3o durante esta semana, tem muita gente duvidando (eu mesmo), por um \u00fanico motivo: o c\u00e9u continua aberto, sem qualquer sinal de chuva e com umidade ainda baixa.<\/strong><\/p>\n<p><strong>Embora as previs\u00f5es sejam importantes e na maioria das vezes certeira, costumam tamb\u00e9m falhar, mesmo com 100% de possibilidade do &#8216;cacau cair&#8217;.<\/strong><\/p>\n<p><strong>Sei n\u00e3o, viu&#8230;<\/strong><\/p>\n<p><strong>Por Davi Ferraz<\/strong><\/p>\n","protected":false},"excerpt":{"rendered":"<p>Mesmo com os institutos de meteorologia afirmando que vai chover pra valer em Itapetinga e regi\u00e3o durante esta semana, tem muita gente duvidando (eu mesmo), por um \u00fanico motivo: o c\u00e9u continua aberto, sem qualquer sinal de chuva e com umidade ainda baixa. Embora as previs\u00f5es sejam importantes e na maioria das vezes certeira, costumam [&hellip;]<\/p>\n","protected":false},"author":2,"featured_media":114376,"comment_status":"closed","ping_status":"open","sticky":false,"template":"","format":"standard","meta":{"footnotes":"","_links_to":"","_links_to_target":""},"categories":[1],"tags":[],"class_list":["post-114375","post","type-post","status-publish","format-standard","has-post-thumbnail","hentry","category-geral"],"views":1414,"_links":{"self":[{"href":"https:\/\/www.sudoestehoje.com.br\/novoportal\/wp-json\/wp\/v2\/posts\/114375","targetHints":{"allow":["GET"]}}],"collection":[{"href":"https:\/\/www.sudoestehoje.com.br\/novoportal\/wp-json\/wp\/v2\/posts"}],"about":[{"href":"https:\/\/www.sudoestehoje.com.br\/novoportal\/wp-json\/wp\/v2\/types\/post"}],"author":[{"embeddable":true,"href":"https:\/\/www.sudoestehoje.com.br\/novoportal\/wp-json\/wp\/v2\/users\/2"}],"replies":[{"embeddable":true,"href":"https:\/\/www.sudoestehoje.com.br\/novoportal\/wp-json\/wp\/v2\/comments?post=114375"}],"version-history":[{"count":3,"href":"https:\/\/www.sudoestehoje.com.br\/novoportal\/wp-json\/wp\/v2\/posts\/114375\/revisions"}],"predecessor-version":[{"id":114379,"href":"https:\/\/www.sudoestehoje.com.br\/novoportal\/wp-json\/wp\/v2\/posts\/114375\/revisions\/114379"}],"wp:featuredmedia":[{"embeddable":true,"href":"https:\/\/www.sudoestehoje.com.br\/novoportal\/wp-json\/wp\/v2\/media\/114376"}],"wp:attachment":[{"href":"https:\/\/www.sudoestehoje.com.br\/novoportal\/wp-json\/wp\/v2\/media?parent=114375"}],"wp:term":[{"taxonomy":"category","embeddable":true,"href":"https:\/\/www.sudoestehoje.com.br\/novoportal\/wp-json\/wp\/v2\/categories?post=114375"},{"taxonomy":"post_tag","embeddable":true,"href":"https:\/\/www.sudoestehoje.com.br\/novoportal\/wp-json\/wp\/v2\/tags?post=114375"}],"curies":[{"name":"wp","href":"https:\/\/api.w.org\/{rel}","templated":true}]}}