
{"id":114369,"date":"2023-12-19T08:33:32","date_gmt":"2023-12-19T11:33:32","guid":{"rendered":"https:\/\/www.sudoestehoje.com.br\/novoportal\/?p=114369"},"modified":"2023-12-19T08:33:32","modified_gmt":"2023-12-19T11:33:32","slug":"bahia-empregada-domestica-cai-no-poco-de-elevador-e-morre-no-1o-dia-de-trabalho","status":"publish","type":"post","link":"https:\/\/www.sudoestehoje.com.br\/novoportal\/2023\/12\/19\/bahia-empregada-domestica-cai-no-poco-de-elevador-e-morre-no-1o-dia-de-trabalho\/","title":{"rendered":"BAHIA | EMPREGADA DOM\u00c9STICA CAI NO PO\u00c7O DE ELEVADOR E MORRE NO 1\u00ba DIA DE TRABALHO"},"content":{"rendered":"<p><img loading=\"lazy\" decoding=\"async\" class=\"alignnone  wp-image-114373\" src=\"https:\/\/www.sudoestehoje.com.br\/novoportal\/wp-content\/uploads\/2023\/12\/Predio-onde-jovem-caiu-dentro-de-poco-de-elevador-e-morreu-600x400.webp\" alt=\"\" width=\"551\" height=\"367\" srcset=\"https:\/\/www.sudoestehoje.com.br\/novoportal\/wp-content\/uploads\/2023\/12\/Predio-onde-jovem-caiu-dentro-de-poco-de-elevador-e-morreu-600x400.webp 600w, https:\/\/www.sudoestehoje.com.br\/novoportal\/wp-content\/uploads\/2023\/12\/Predio-onde-jovem-caiu-dentro-de-poco-de-elevador-e-morreu-700x467.webp 700w, https:\/\/www.sudoestehoje.com.br\/novoportal\/wp-content\/uploads\/2023\/12\/Predio-onde-jovem-caiu-dentro-de-poco-de-elevador-e-morreu-768x512.webp 768w, https:\/\/www.sudoestehoje.com.br\/novoportal\/wp-content\/uploads\/2023\/12\/Predio-onde-jovem-caiu-dentro-de-poco-de-elevador-e-morreu.webp 1200w\" sizes=\"auto, (max-width: 551px) 100vw, 551px\" \/><\/p>\n<p><strong>Uma mulher de 29 anos morreu ap\u00f3s cair no po\u00e7o de um elevador na segunda-feira (18), na Pituba, bairro de classe m\u00e9dia de\u00a0<a class=\"\" href=\"https:\/\/g1.globo.com\/ba\/bahia\/cidade\/salvador\/\">Salvador<\/a>. Juliane Lima Gon\u00e7alves era empregada dom\u00e9stica e estava no primeiro dia de trabalho quando caiu do 4\u00ba andar do pr\u00e9dio.<\/strong><\/p>\n<p><strong>Segundo informa\u00e7\u00f5es da Pol\u00edcia Militar, Juliane caiu no po\u00e7o por volta das 17h, quando havia encerrado as atividades no apartamento. Equipes do Corpo de Bombeiros e do Servi\u00e7o de Atendimento M\u00e9dico de Urg\u00eancia (Samu) foram ao local e tentaram reanimar a v\u00edtima, mas n\u00e3o conseguiram.<\/strong><\/p>\n<div id=\"chunk-dqshh\">\n<div class=\"mc-column content-text active-extra-styles \" data-block-type=\"unstyled\" data-block-weight=\"36\" data-block-id=\"9\">\n<p class=\" content-text__container \" data-track-category=\"Link no Texto\" data-track-links=\"\"><strong>O pr\u00e9dio est\u00e1 localizado na Rua Cear\u00e1. O corpo da empregada dom\u00e9stica foi levado para o Instituto M\u00e9dico Legal (IML) de Salvador e o caso foi registrado na delegacia do bairro da Pituba e ser\u00e1 investigado.<\/strong><\/p>\n<\/div>\n<\/div>\n<div id=\"chunk-10f5k\">\n<div class=\"mc-column content-text active-extra-styles \" data-block-type=\"unstyled\" data-block-weight=\"27\" data-block-id=\"10\">\n<p class=\" content-text__container \" data-track-category=\"Link no Texto\" data-track-links=\"\"><strong>O Minist\u00e9rio P\u00fablico do Trabalho (MPT) informou que tomou conhecimento da morte de Juliane Lima Gon\u00e7alves e busca mais detalhes para se posicionar sobre o caso.<\/strong><\/p>\n<\/div>\n<\/div>\n","protected":false},"excerpt":{"rendered":"<p>Uma mulher de 29 anos morreu ap\u00f3s cair no po\u00e7o de um elevador na segunda-feira (18), na Pituba, bairro de classe m\u00e9dia de\u00a0Salvador. Juliane Lima Gon\u00e7alves era empregada dom\u00e9stica e estava no primeiro dia de trabalho quando caiu do 4\u00ba andar do pr\u00e9dio. Segundo informa\u00e7\u00f5es da Pol\u00edcia Militar, Juliane caiu no po\u00e7o por volta das [&hellip;]<\/p>\n","protected":false},"author":2,"featured_media":114373,"comment_status":"closed","ping_status":"open","sticky":false,"template":"","format":"standard","meta":{"footnotes":"","_links_to":"","_links_to_target":""},"categories":[1],"tags":[],"class_list":["post-114369","post","type-post","status-publish","format-standard","has-post-thumbnail","hentry","category-geral"],"views":752,"_links":{"self":[{"href":"https:\/\/www.sudoestehoje.com.br\/novoportal\/wp-json\/wp\/v2\/posts\/114369","targetHints":{"allow":["GET"]}}],"collection":[{"href":"https:\/\/www.sudoestehoje.com.br\/novoportal\/wp-json\/wp\/v2\/posts"}],"about":[{"href":"https:\/\/www.sudoestehoje.com.br\/novoportal\/wp-json\/wp\/v2\/types\/post"}],"author":[{"embeddable":true,"href":"https:\/\/www.sudoestehoje.com.br\/novoportal\/wp-json\/wp\/v2\/users\/2"}],"replies":[{"embeddable":true,"href":"https:\/\/www.sudoestehoje.com.br\/novoportal\/wp-json\/wp\/v2\/comments?post=114369"}],"version-history":[{"count":3,"href":"https:\/\/www.sudoestehoje.com.br\/novoportal\/wp-json\/wp\/v2\/posts\/114369\/revisions"}],"predecessor-version":[{"id":114374,"href":"https:\/\/www.sudoestehoje.com.br\/novoportal\/wp-json\/wp\/v2\/posts\/114369\/revisions\/114374"}],"wp:featuredmedia":[{"embeddable":true,"href":"https:\/\/www.sudoestehoje.com.br\/novoportal\/wp-json\/wp\/v2\/media\/114373"}],"wp:attachment":[{"href":"https:\/\/www.sudoestehoje.com.br\/novoportal\/wp-json\/wp\/v2\/media?parent=114369"}],"wp:term":[{"taxonomy":"category","embeddable":true,"href":"https:\/\/www.sudoestehoje.com.br\/novoportal\/wp-json\/wp\/v2\/categories?post=114369"},{"taxonomy":"post_tag","embeddable":true,"href":"https:\/\/www.sudoestehoje.com.br\/novoportal\/wp-json\/wp\/v2\/tags?post=114369"}],"curies":[{"name":"wp","href":"https:\/\/api.w.org\/{rel}","templated":true}]}}