
{"id":11436,"date":"2011-12-23T06:37:04","date_gmt":"2011-12-23T09:37:04","guid":{"rendered":"http:\/\/www.sudoestehoje.com.br\/novoportal\/?p=11436"},"modified":"2011-12-23T06:37:04","modified_gmt":"2011-12-23T09:37:04","slug":"cpi-da-vidal-prefeito-ze-carlos-sera-ouvido-em-13-de-janeiro","status":"publish","type":"post","link":"https:\/\/www.sudoestehoje.com.br\/novoportal\/2011\/12\/23\/cpi-da-vidal-prefeito-ze-carlos-sera-ouvido-em-13-de-janeiro\/","title":{"rendered":"CPI DA VIDAL: PREFEITO Z\u00c9 CARLOS SER\u00c1 OUVIDO EM 13 DE JANEIRO"},"content":{"rendered":"<p style=\"text-align: center;\"><img decoding=\"async\" class=\"aligncenter\" src=\"http:\/\/www.sudoestehoje.com.br\/novoportal\/wp-content\/uploads\/2011\/12\/ZE-CARLOS-XX.jpg\" alt=\"\" \/><\/p>\n<p style=\"text-align: center;\"><em><strong>Preocupa\u00e7\u00e3o com a CPI mudou o &#8216;look&#8217; do prefeito<\/strong><\/em><\/p>\n<p>ITAPETINGA: O depoimento do prefeito Z\u00e9 Carlos na CPI que apura poss\u00edveis irregularidades na contrata\u00e7\u00e3o da firma Bernardo Vidal &amp; Associados, dever\u00e1 ocorrer no dia 13 de janeiro de 2012, na C\u00e2mara de Vereadores. A CPI, que foi instalada no final de outubro, com o prazo determinado de 90 dias, tem que encerrar seus trabalhos at\u00e9 o final de janeiro, caso n\u00e3o haja prorroga\u00e7\u00e3o.<\/p>\n<p>O depoimento do prefeito Z\u00e9 Carlos, apesar da import\u00e2ncia do cargo que ele exerce, n\u00e3o deve trazer muitas novidades para o caso, pois como \u00e9 do conhecimento p\u00fablico, o prefeito vive alheio aos acontecimentos da sua administra\u00e7\u00e3o e s\u00f3 repete o que lhe mandam dizer. Entretanto, vai sobrar para o desligado alcaide, o constrangimento de ser interrogado por seus opositores e as consequ\u00eancias que poder\u00e3o advir da CPI, caso fique constatado que houve mesmo alguma irregularidade na contrata\u00e7\u00e3o e nos trabalhos da Vidal .<\/p>\n<p>A expectativa maior da popula\u00e7\u00e3o, com certeza, est\u00e1 direcionada aos depoimentos de Zen\u00f3bio Cirqueira, secret\u00e1rio\/irm\u00e3o do prefeito, e do assessor Israel Miranda, que s\u00e3o apontados pela den\u00fancia que deu origem \u00e0 CPI, como os mentores, executores e benefici\u00e1rios do &#8216;esquema&#8217;.<\/p>\n<p>Vamos aguardar esses depoimentos, com muita ansiedade&#8230;<\/p>\n<p><em><strong>Por DAVI FERRAZ<\/strong><\/em><\/p>\n","protected":false},"excerpt":{"rendered":"<p>Preocupa\u00e7\u00e3o com a CPI mudou o &#8216;look&#8217; do prefeito ITAPETINGA: O depoimento do prefeito Z\u00e9 Carlos na CPI que apura poss\u00edveis irregularidades na contrata\u00e7\u00e3o da firma Bernardo Vidal &amp; Associados, dever\u00e1 ocorrer no dia 13 de janeiro de 2012, na C\u00e2mara de Vereadores. A CPI, que foi instalada no final de outubro, com o prazo [&hellip;]<\/p>\n","protected":false},"author":2,"featured_media":0,"comment_status":"open","ping_status":"open","sticky":false,"template":"","format":"standard","meta":{"footnotes":"","_links_to":"","_links_to_target":""},"categories":[1],"tags":[],"class_list":["post-11436","post","type-post","status-publish","format-standard","hentry","category-geral"],"views":1145,"_links":{"self":[{"href":"https:\/\/www.sudoestehoje.com.br\/novoportal\/wp-json\/wp\/v2\/posts\/11436","targetHints":{"allow":["GET"]}}],"collection":[{"href":"https:\/\/www.sudoestehoje.com.br\/novoportal\/wp-json\/wp\/v2\/posts"}],"about":[{"href":"https:\/\/www.sudoestehoje.com.br\/novoportal\/wp-json\/wp\/v2\/types\/post"}],"author":[{"embeddable":true,"href":"https:\/\/www.sudoestehoje.com.br\/novoportal\/wp-json\/wp\/v2\/users\/2"}],"replies":[{"embeddable":true,"href":"https:\/\/www.sudoestehoje.com.br\/novoportal\/wp-json\/wp\/v2\/comments?post=11436"}],"version-history":[{"count":5,"href":"https:\/\/www.sudoestehoje.com.br\/novoportal\/wp-json\/wp\/v2\/posts\/11436\/revisions"}],"predecessor-version":[{"id":11441,"href":"https:\/\/www.sudoestehoje.com.br\/novoportal\/wp-json\/wp\/v2\/posts\/11436\/revisions\/11441"}],"wp:attachment":[{"href":"https:\/\/www.sudoestehoje.com.br\/novoportal\/wp-json\/wp\/v2\/media?parent=11436"}],"wp:term":[{"taxonomy":"category","embeddable":true,"href":"https:\/\/www.sudoestehoje.com.br\/novoportal\/wp-json\/wp\/v2\/categories?post=11436"},{"taxonomy":"post_tag","embeddable":true,"href":"https:\/\/www.sudoestehoje.com.br\/novoportal\/wp-json\/wp\/v2\/tags?post=11436"}],"curies":[{"name":"wp","href":"https:\/\/api.w.org\/{rel}","templated":true}]}}